{"id":2108,"date":"2011-10-07T09:28:28","date_gmt":"2011-10-07T13:28:28","guid":{"rendered":"http:\/\/www.adufpb.org.br\/site\/anped-declara-apoio-a-campanha-por-10-do-pib-para-a-educacao-publica\/"},"modified":"2011-10-07T09:28:28","modified_gmt":"2011-10-07T13:28:28","slug":"anped-declara-apoio-a-campanha-por-10-do-pib-para-a-educacao-publica","status":"publish","type":"post","link":"https:\/\/www.adufpb.org.br\/site\/anped-declara-apoio-a-campanha-por-10-do-pib-para-a-educacao-publica\/","title":{"rendered":"Anped declara apoio \u00e0 campanha por 10% do PIB para a Educa\u00e7\u00e3o P\u00fablica"},"content":{"rendered":"<p>A Associa\u00e7\u00e3o Nacional de P\u00f3s-Gradua\u00e7\u00e3o e Pesquisa em Educa\u00e7\u00e3o (Anped) declarou apoio \u00e0 campanha \u201c10% do PIB para Educa\u00e7\u00e3o P\u00fablica, j\u00e1!\u201d, organizada por um conjunto de entidades sindicais e movimentos sociais, do qual o ANDES-SN participa.<\/p>\n<p>A diretoria da associa\u00e7\u00e3o e a assembleia reunidas durante a 34\u00aa Reuni\u00e3o Anual (RA) da entidade deliberaram por incluir campanha na pauta da Anped. O apoio fortalece a luta por mais investimentos do governo na educa\u00e7\u00e3o p\u00fablica.<\/p>\n<p>O ANDES-SN montou um estande na 34\u00aa RA da Anped para coletar assinaturas dos participantes no abaixo-assinado em prol da aplica\u00e7\u00e3o imediata de 10% do Produto Interno Bruto na educa\u00e7\u00e3o p\u00fablica.<\/p>\n<p>A peti\u00e7\u00e3o foi assinada por quadros hist\u00f3ricos da Associa\u00e7\u00e3o, professores, estudantes e pesquisadores de todo o pa\u00eds. A peti\u00e7\u00e3o tamb\u00e9m est\u00e1 dispon\u00edvel para assinatura na internet (<a href=\"http:\/\/www.peticaopublica.com.br\/?pi=P2011N13990\" target=\"_blank\">veja aqui<\/a>).<\/p>\n<p><a href=\"http:\/\/www.andes.org.br:8080\/andes\/portal-album-fotos-view.andes?id=79\" target=\"_blank\">Confira as fotos a mobiliza\u00e7\u00e3o no estande do ANDES-SN.<\/a><\/p>\n<p><em>Fonte: ANDES-SN<\/em><\/p>\n","protected":false},"excerpt":{"rendered":"<p>A Associa\u00e7\u00e3o Nacional de P\u00f3s-Gradua\u00e7\u00e3o e Pesquisa em Educa\u00e7\u00e3o (Anped) declarou apoio \u00e0 campanha \u201c10% do PIB para Educa\u00e7\u00e3o P\u00fablica, j\u00e1!\u201d, organizada por um conjunto de entidades sindicais e movimentos sociais, do qual o ANDES-SN participa. A diretoria da associa\u00e7\u00e3o e a assembleia reunidas durante a 34\u00aa Reuni\u00e3o Anual (RA) da entidade deliberaram por incluir&hellip;<\/p>\n","protected":false},"author":3,"featured_media":0,"comment_status":"open","ping_status":"open","sticky":false,"template":"","format":"standard","meta":{"footnotes":""},"categories":[15],"tags":[193],"class_list":["post-2108","post","type-post","status-publish","format-standard","hentry","category-noticias","tag-10-do-pib","category-15","description-off"],"_links":{"self":[{"href":"https:\/\/www.adufpb.org.br\/site\/wp-json\/wp\/v2\/posts\/2108","targetHints":{"allow":["GET"]}}],"collection":[{"href":"https:\/\/www.adufpb.org.br\/site\/wp-json\/wp\/v2\/posts"}],"about":[{"href":"https:\/\/www.adufpb.org.br\/site\/wp-json\/wp\/v2\/types\/post"}],"author":[{"embeddable":true,"href":"https:\/\/www.adufpb.org.br\/site\/wp-json\/wp\/v2\/users\/3"}],"replies":[{"embeddable":true,"href":"https:\/\/www.adufpb.org.br\/site\/wp-json\/wp\/v2\/comments?post=2108"}],"version-history":[{"count":0,"href":"https:\/\/www.adufpb.org.br\/site\/wp-json\/wp\/v2\/posts\/2108\/revisions"}],"wp:attachment":[{"href":"https:\/\/www.adufpb.org.br\/site\/wp-json\/wp\/v2\/media?parent=2108"}],"wp:term":[{"taxonomy":"category","embeddable":true,"href":"https:\/\/www.adufpb.org.br\/site\/wp-json\/wp\/v2\/categories?post=2108"},{"taxonomy":"post_tag","embeddable":true,"href":"https:\/\/www.adufpb.org.br\/site\/wp-json\/wp\/v2\/tags?post=2108"}],"curies":[{"name":"wp","href":"https:\/\/api.w.org\/{rel}","templated":true}]}}