{"id":2107,"date":"2011-10-07T09:25:27","date_gmt":"2011-10-07T13:25:27","guid":{"rendered":"http:\/\/www.adufpb.org.br\/site\/andes-sn-pede-participacao-do-stf-na-luta-contra-pl-199207\/"},"modified":"2011-10-07T09:25:27","modified_gmt":"2011-10-07T13:25:27","slug":"andes-sn-pede-participacao-do-stf-na-luta-contra-pl-199207","status":"publish","type":"post","link":"https:\/\/www.adufpb.org.br\/site\/andes-sn-pede-participacao-do-stf-na-luta-contra-pl-199207\/","title":{"rendered":"ANDES-SN pede participa\u00e7\u00e3o do STF na luta contra PL 1992\/07"},"content":{"rendered":"<p>O ANDES-SN encaminhou na quarta-feira (05) uma carta ao presidente do Supremo Tribunal Federal, ministro Cesar Peluso, conclamando o STF a se posicionar contra o Projeto de Lei 1992 do ano de 2007, que privatiza a previd\u00eancia dos servidores p\u00fablicos.<\/p>\n<p>No documento, a entidade aponta que o PL 1992\/2007 \u00e9 uma afronta aos valores expressos na Constitui\u00e7\u00e3o Federal de 88, que \u201campliou o conceito de seguridade social ao unificar a previd\u00eancia social, sa\u00fade e assist\u00eancia e instituir o direito e o dever dos trabalhadores quanto \u00e0s contribui\u00e7\u00f5es para a seguridade, a fim de manter a solidariedade entre as gera\u00e7\u00f5es\u201d.<\/p>\n<p>Al\u00e9m da incoer\u00eancia do projeto, o ANDES-SN pede aten\u00e7\u00e3o do Supremo aos profundos danos que a cria\u00e7\u00e3o de fundo de pens\u00e3o para a previd\u00eancia p\u00fablica pode causar \u00e0 economia do Pa\u00eds, do ponto de vista fiscal.<\/p>\n<p>O Sindicato Nacional ressalta ainda a preocupa\u00e7\u00e3o na forma como o projeto vem sendo encaminhado pelo governo, que solicitou, na segunda-feira (3), regime de urg\u00eancia constitucional \u00e0 mat\u00e9ria. Com isso, a C\u00e2mara dos Deputados tem apenas 45 dias para analisar e votar o PL 1992\/2007.<\/p>\n<p><a href=\"http:\/\/portal.andes.org.br\/imprensa\/noticias\/imp-ult-11269511.pdf\" target=\"_blank\">Confira aqui a \u00edntegra do documento.<\/a><\/p>\n<p>Sobre o projeto<\/p>\n<p>O PL 1992\/2007 institui o regime de previd\u00eancia complementar para os servidores p\u00fablicos federais (SPF), fixa o limite m\u00e1ximo para a concess\u00e3o de aposentadorias e pens\u00f5es pelo regime de previd\u00eancia de que trata o art. 40 da Constitui\u00e7\u00e3o, autoriza a cria\u00e7\u00e3o de entidade fechada de previd\u00eancia complementar denominada Funda\u00e7\u00e3o de Previd\u00eancia Complementar do Servidor P\u00fablico Federal \u2013 Funpresp.<\/p>\n<p>Veja mais:<\/p>\n<p><a href=\"http:\/\/www.andes.org.br:8080\/andes\/print-ultimas-noticias.andes?id=4922\" target=\"_blank\">Governo pede urg\u00eancia na privatiza\u00e7\u00e3o da previd\u00eancia dos servidores<\/a><\/p>\n<p>Fonte: ANDES-SN<\/p>\n","protected":false},"excerpt":{"rendered":"<p>O ANDES-SN encaminhou na quarta-feira (05) uma carta ao presidente do Supremo Tribunal Federal, ministro Cesar Peluso, conclamando o STF a se posicionar contra o Projeto de Lei 1992 do ano de 2007, que privatiza a previd\u00eancia dos servidores p\u00fablicos. No documento, a entidade aponta que o PL 1992\/2007 \u00e9 uma afronta aos valores expressos&hellip;<\/p>\n","protected":false},"author":3,"featured_media":0,"comment_status":"open","ping_status":"open","sticky":false,"template":"","format":"standard","meta":{"footnotes":""},"categories":[15],"tags":[198],"class_list":["post-2107","post","type-post","status-publish","format-standard","hentry","category-noticias","tag-pl-1992","category-15","description-off"],"_links":{"self":[{"href":"https:\/\/www.adufpb.org.br\/site\/wp-json\/wp\/v2\/posts\/2107","targetHints":{"allow":["GET"]}}],"collection":[{"href":"https:\/\/www.adufpb.org.br\/site\/wp-json\/wp\/v2\/posts"}],"about":[{"href":"https:\/\/www.adufpb.org.br\/site\/wp-json\/wp\/v2\/types\/post"}],"author":[{"embeddable":true,"href":"https:\/\/www.adufpb.org.br\/site\/wp-json\/wp\/v2\/users\/3"}],"replies":[{"embeddable":true,"href":"https:\/\/www.adufpb.org.br\/site\/wp-json\/wp\/v2\/comments?post=2107"}],"version-history":[{"count":0,"href":"https:\/\/www.adufpb.org.br\/site\/wp-json\/wp\/v2\/posts\/2107\/revisions"}],"wp:attachment":[{"href":"https:\/\/www.adufpb.org.br\/site\/wp-json\/wp\/v2\/media?parent=2107"}],"wp:term":[{"taxonomy":"category","embeddable":true,"href":"https:\/\/www.adufpb.org.br\/site\/wp-json\/wp\/v2\/categories?post=2107"},{"taxonomy":"post_tag","embeddable":true,"href":"https:\/\/www.adufpb.org.br\/site\/wp-json\/wp\/v2\/tags?post=2107"}],"curies":[{"name":"wp","href":"https:\/\/api.w.org\/{rel}","templated":true}]}}