{"id":2104,"date":"2011-10-04T21:49:10","date_gmt":"2011-10-05T01:49:10","guid":{"rendered":"http:\/\/www.adufpb.org.br\/site\/sao-paulo-lanca-campanha-pelos-10-do-pib-para-educacao-nesta-sexta-7\/"},"modified":"2011-10-04T21:49:10","modified_gmt":"2011-10-05T01:49:10","slug":"sao-paulo-lanca-campanha-pelos-10-do-pib-para-educacao-nesta-sexta-7","status":"publish","type":"post","link":"https:\/\/www.adufpb.org.br\/site\/sao-paulo-lanca-campanha-pelos-10-do-pib-para-educacao-nesta-sexta-7\/","title":{"rendered":"S\u00e3o Paulo lan\u00e7a campanha pelos 10% do PIB para educa\u00e7\u00e3o nesta sexta (7)"},"content":{"rendered":"<p>A campanha pela aplica\u00e7\u00e3o de 10% do valor do Produto Interno Bruto (PIB) na educa\u00e7\u00e3o p\u00fablica j\u00e1 ser\u00e1 lan\u00e7ada no Estado de S\u00e3o Paulo, na pr\u00f3xima sexta-feira, dia 7 de outubro. O ato \u00e9 convocado pela Regional S\u00e3o Paulo do ANDES-SN e diversas entidades e movimentos sociais do setor de educa\u00e7\u00e3o. O evento acontecer\u00e1, a partir das 19 horas, na Sala dos Estudantes da Faculdade de Direito do Largo S\u00e3o Francisco, da Universidade de S\u00e3o Paulo (USP).<\/p>\n<p><a href=\"http:\/\/portal.andes.org.br\/imprensa\/noticias\/imp-ult-13471629.PDF\" target=\"_blank\">Clique aqui e confira o manifesto de lan\u00e7amento da campanha estadual.<\/a><\/p>\n<p>A campanha &#8220;10% do PIB na educa\u00e7\u00e3o p\u00fablica, j\u00e1&#8221; \u00e9 um movimento nacional, que conta com a participa\u00e7\u00e3o do ANDES-SN e de diversas entidades e movimentos sociais. V\u00e1rios estados est\u00e3o constituindo comit\u00eas locais da campanha e realizando diversas a\u00e7\u00f5es com o objetivo de mobilizar e envolver todos os setores da sociedade civil na luta pela educa\u00e7\u00e3o p\u00fablica, gratuita e de qualidade para todos. Entre as atividades previstas no calend\u00e1rio da campanha est\u00e3o uma aula p\u00fablica no dia 15 de outubro com o tema &#8220;Investimentos na Educa\u00e7\u00e3o P\u00fablica&#8221; e a realiza\u00e7\u00e3o de um plebiscito no in\u00edcio do m\u00eas de novembro.<\/p>\n<p>O movimento lan\u00e7ou tamb\u00e9m uma peti\u00e7\u00e3o online (<a href=\"http:\/\/www.peticaopublica.com.br\/?pi=P2011N13990\" target=\"_blank\">clique aqui e assine<\/a>) e um <a href=\"http:\/\/dezporcentoja.blogspot.com\/\" target=\"_blank\">blog <\/a>onde pode ser lido o manifesto da campanha nacional.<\/p>\n<p>Com informa\u00e7\u00e3o da Regional SP do ANDES-SN<\/p>\n<p><em>Fonte: ANDES-SN<\/em><\/p>\n","protected":false},"excerpt":{"rendered":"<p>A campanha pela aplica\u00e7\u00e3o de 10% do valor do Produto Interno Bruto (PIB) na educa\u00e7\u00e3o p\u00fablica j\u00e1 ser\u00e1 lan\u00e7ada no Estado de S\u00e3o Paulo, na pr\u00f3xima sexta-feira, dia 7 de outubro. O ato \u00e9 convocado pela Regional S\u00e3o Paulo do ANDES-SN e diversas entidades e movimentos sociais do setor de educa\u00e7\u00e3o. O evento acontecer\u00e1, a&hellip;<\/p>\n","protected":false},"author":3,"featured_media":0,"comment_status":"open","ping_status":"open","sticky":false,"template":"","format":"standard","meta":{"footnotes":""},"categories":[15],"tags":[193],"class_list":["post-2104","post","type-post","status-publish","format-standard","hentry","category-noticias","tag-10-do-pib","category-15","description-off"],"_links":{"self":[{"href":"https:\/\/www.adufpb.org.br\/site\/wp-json\/wp\/v2\/posts\/2104","targetHints":{"allow":["GET"]}}],"collection":[{"href":"https:\/\/www.adufpb.org.br\/site\/wp-json\/wp\/v2\/posts"}],"about":[{"href":"https:\/\/www.adufpb.org.br\/site\/wp-json\/wp\/v2\/types\/post"}],"author":[{"embeddable":true,"href":"https:\/\/www.adufpb.org.br\/site\/wp-json\/wp\/v2\/users\/3"}],"replies":[{"embeddable":true,"href":"https:\/\/www.adufpb.org.br\/site\/wp-json\/wp\/v2\/comments?post=2104"}],"version-history":[{"count":0,"href":"https:\/\/www.adufpb.org.br\/site\/wp-json\/wp\/v2\/posts\/2104\/revisions"}],"wp:attachment":[{"href":"https:\/\/www.adufpb.org.br\/site\/wp-json\/wp\/v2\/media?parent=2104"}],"wp:term":[{"taxonomy":"category","embeddable":true,"href":"https:\/\/www.adufpb.org.br\/site\/wp-json\/wp\/v2\/categories?post=2104"},{"taxonomy":"post_tag","embeddable":true,"href":"https:\/\/www.adufpb.org.br\/site\/wp-json\/wp\/v2\/tags?post=2104"}],"curies":[{"name":"wp","href":"https:\/\/api.w.org\/{rel}","templated":true}]}}