{"id":21021,"date":"2019-08-12T17:27:28","date_gmt":"2019-08-12T20:27:28","guid":{"rendered":"http:\/\/www.adufpb.org.br\/site\/?p=21021"},"modified":"2019-08-12T17:28:10","modified_gmt":"2019-08-12T20:28:10","slug":"adufpb-tem-expediente-especial-nessa-terca-feira-13","status":"publish","type":"post","link":"https:\/\/www.adufpb.org.br\/site\/adufpb-tem-expediente-especial-nessa-terca-feira-13\/","title":{"rendered":"ADUFPB tem expediente especial nessa ter\u00e7a-feira (13)"},"content":{"rendered":"<p><strong>ADUFPB COMUNICA<\/strong><\/p>\n<p>Os professores da UFPB, reunidos em assembleia geral na manh\u00e3 desta segunda-feira (12) aprovaram por unanimidade a ades\u00e3o da categoria ao Dia Nacional de Greve da Educa\u00e7\u00e3o e em Defesa das Aposentadorias, que ser\u00e1 realizado em todo o pa\u00eds na ter\u00e7a-feira, 13 de agosto, com paralisa\u00e7\u00e3o das aulas. Assim, comunicamos que a ADUFPB\/UFPB fechar\u00e1 \u00e0s 13h.<\/p>\n<p><span style=\"text-decoration: underline;\">Programa\u00e7\u00e3o:<\/span><\/p>\n<p>Na manh\u00e3 da ter\u00e7a-feira (13\/08\/19), a partir das 8h, a comiss\u00e3o de mobiliza\u00e7\u00e3o vai circular o exterior do campus I com uma faixa preta para simbolizar o luto da comunidade universit\u00e1ria e o rep\u00fadio aos cortes no or\u00e7amento, ao programa Future-se e \u00e0 reforma da Previd\u00eancia.<\/p>\n<p>Na tarde da ter\u00e7a-feira (13\/08\/19), a partir das 14h, a manifesta\u00e7\u00e3o ser\u00e1 em frente ao Lyceu Paraibano, no Centro.<\/p>\n<p>Venha, participe da defesa da educa\u00e7\u00e3o!!!<\/p>\n<p>Jo\u00e3o Pessoa, 12 de agosto de 2019.<\/p>\n<p>DIRETORIA DA ADUFPB<\/p>\n","protected":false},"excerpt":{"rendered":"<p>ADUFPB COMUNICA Os professores da UFPB, reunidos em assembleia geral na manh\u00e3 desta segunda-feira (12) aprovaram por unanimidade a ades\u00e3o da categoria ao Dia Nacional de Greve da Educa\u00e7\u00e3o e em Defesa das Aposentadorias, que ser\u00e1 realizado em todo o pa\u00eds na ter\u00e7a-feira, 13 de agosto, com paralisa\u00e7\u00e3o das aulas. Assim, comunicamos que a ADUFPB\/UFPB&hellip;<\/p>\n","protected":false},"author":8,"featured_media":0,"comment_status":"closed","ping_status":"closed","sticky":false,"template":"","format":"standard","meta":{"footnotes":""},"categories":[15],"tags":[895,499,132,998],"class_list":["post-21021","post","type-post","status-publish","format-standard","hentry","category-noticias","tag-adufpb-2","tag-expediente","tag-greve","tag-ufpb","category-15","description-off"],"_links":{"self":[{"href":"https:\/\/www.adufpb.org.br\/site\/wp-json\/wp\/v2\/posts\/21021","targetHints":{"allow":["GET"]}}],"collection":[{"href":"https:\/\/www.adufpb.org.br\/site\/wp-json\/wp\/v2\/posts"}],"about":[{"href":"https:\/\/www.adufpb.org.br\/site\/wp-json\/wp\/v2\/types\/post"}],"author":[{"embeddable":true,"href":"https:\/\/www.adufpb.org.br\/site\/wp-json\/wp\/v2\/users\/8"}],"replies":[{"embeddable":true,"href":"https:\/\/www.adufpb.org.br\/site\/wp-json\/wp\/v2\/comments?post=21021"}],"version-history":[{"count":2,"href":"https:\/\/www.adufpb.org.br\/site\/wp-json\/wp\/v2\/posts\/21021\/revisions"}],"predecessor-version":[{"id":21023,"href":"https:\/\/www.adufpb.org.br\/site\/wp-json\/wp\/v2\/posts\/21021\/revisions\/21023"}],"wp:attachment":[{"href":"https:\/\/www.adufpb.org.br\/site\/wp-json\/wp\/v2\/media?parent=21021"}],"wp:term":[{"taxonomy":"category","embeddable":true,"href":"https:\/\/www.adufpb.org.br\/site\/wp-json\/wp\/v2\/categories?post=21021"},{"taxonomy":"post_tag","embeddable":true,"href":"https:\/\/www.adufpb.org.br\/site\/wp-json\/wp\/v2\/tags?post=21021"}],"curies":[{"name":"wp","href":"https:\/\/api.w.org\/{rel}","templated":true}]}}