{"id":21012,"date":"2019-08-12T12:28:23","date_gmt":"2019-08-12T15:28:23","guid":{"rendered":"http:\/\/www.adufpb.org.br\/site\/?p=21012"},"modified":"2019-08-13T11:49:47","modified_gmt":"2019-08-13T14:49:47","slug":"professores-da-ufpb-aprovam-adesao-ao-dia-nacional-de-greve-e-paralisacao-das-aulas-nesta-terca-feira","status":"publish","type":"post","link":"https:\/\/www.adufpb.org.br\/site\/professores-da-ufpb-aprovam-adesao-ao-dia-nacional-de-greve-e-paralisacao-das-aulas-nesta-terca-feira\/","title":{"rendered":"Professores da UFPB aprovam ades\u00e3o ao Dia Nacional de Greve e paralisa\u00e7\u00e3o das aulas nesta ter\u00e7a-feira"},"content":{"rendered":"<p dir=\"ltr\">Reunidos em assembleia geral na manh\u00e3 desta segunda-feira (12), os professores da UFPB aprovaram por unanimidade a ades\u00e3o da categoria ao Dia Nacional de Greve da Educa\u00e7\u00e3o e em Defesa das Aposentadorias, que ser\u00e1 realizado em todo o pa\u00eds na ter\u00e7a-feira, 13 de agosto, com paralisa\u00e7\u00e3o das aulas.<\/p>\n<p dir=\"ltr\">\n<p>Al\u00e9m dos docentes de Jo\u00e3o Pessoa, os professores dos campi de interior tamb\u00e9m aprovaram por unanimidade a ades\u00e3o ao movimento com paralisa\u00e7\u00e3o das aulas. Em Areia e Bananeiras, a assembleia ocorreu na \u00faltima quarta-feira (7). No Litoral Norte, o debate foi na quinta-feira (8).<\/p>\n<p dir=\"ltr\">\n<p>O Dia Nacional de Greve ser\u00e1 marcado por atos de protesto em diversas cidades do pa\u00eds.\u00a0<b>Em Jo\u00e3o Pessoa, a manifesta\u00e7\u00e3o ser\u00e1 em frente ao Lyceu Paraibano, no Centro, a partir das 14h.<\/b>\u00a0Haver\u00e1 tr\u00eas carros de som, nos quais as lideran\u00e7as dos movimentos sociais e sindicais far\u00e3o discurso convocando a popula\u00e7\u00e3o para o grande ato. Est\u00e3o programados tamb\u00e9m apresenta\u00e7\u00f5es culturais com a participa\u00e7\u00e3o de artistas locais. Do Lyceu Paraibano, os manifestantes v\u00e3o seguir em passeata pelo Centro da capital at\u00e9 o Ponto de Cem R\u00e9is.<\/p>\n<p dir=\"ltr\"><a href=\"http:\/\/www.adufpb.org.br\/site\/wp-content\/uploads\/2019\/08\/2019.08.12-assembleia-aprova-paralisa\u00e7\u00e3o-2.jpeg\"><img loading=\"lazy\" decoding=\"async\" class=\"alignright size-medium wp-image-21014\" alt=\"2019.08.12 - assembleia aprova paralisa\u00e7\u00e3o 2\" src=\"http:\/\/www.adufpb.org.br\/site\/wp-content\/uploads\/2019\/08\/2019.08.12-assembleia-aprova-paralisa\u00e7\u00e3o-2-300x225.jpeg\" width=\"300\" height=\"225\" srcset=\"https:\/\/www.adufpb.org.br\/site\/wp-content\/uploads\/2019\/08\/2019.08.12-assembleia-aprova-paralisa\u00e7\u00e3o-2-300x225.jpeg 300w, https:\/\/www.adufpb.org.br\/site\/wp-content\/uploads\/2019\/08\/2019.08.12-assembleia-aprova-paralisa\u00e7\u00e3o-2-1024x768.jpeg 1024w, https:\/\/www.adufpb.org.br\/site\/wp-content\/uploads\/2019\/08\/2019.08.12-assembleia-aprova-paralisa\u00e7\u00e3o-2.jpeg 1280w\" sizes=\"auto, (max-width: 300px) 100vw, 300px\" \/><\/a><strong>Mobiliza\u00e7\u00e3o<\/strong><\/p>\n<p dir=\"ltr\"><a href=\"http:\/\/www.adufpb.org.br\/site\/wp-content\/uploads\/2019\/08\/2019.08.12-assembleia-aprova-paralisa\u00e7\u00e3o-3.jpeg\"><img loading=\"lazy\" decoding=\"async\" class=\"alignleft size-medium wp-image-21013\" alt=\"2019.08.12 - assembleia aprova paralisa\u00e7\u00e3o 3\" src=\"http:\/\/www.adufpb.org.br\/site\/wp-content\/uploads\/2019\/08\/2019.08.12-assembleia-aprova-paralisa\u00e7\u00e3o-3-300x225.jpeg\" width=\"300\" height=\"225\" srcset=\"https:\/\/www.adufpb.org.br\/site\/wp-content\/uploads\/2019\/08\/2019.08.12-assembleia-aprova-paralisa\u00e7\u00e3o-3-300x225.jpeg 300w, https:\/\/www.adufpb.org.br\/site\/wp-content\/uploads\/2019\/08\/2019.08.12-assembleia-aprova-paralisa\u00e7\u00e3o-3-1024x768.jpeg 1024w, https:\/\/www.adufpb.org.br\/site\/wp-content\/uploads\/2019\/08\/2019.08.12-assembleia-aprova-paralisa\u00e7\u00e3o-3.jpeg 1280w\" sizes=\"auto, (max-width: 300px) 100vw, 300px\" \/><\/a>Al\u00e9m da paralisa\u00e7\u00e3o, a assembleia tamb\u00e9m aprovou outras delibera\u00e7\u00f5es de mobiliza\u00e7\u00e3o. Nesta segunda-feira, a partir das 14h, grupos de professores ir\u00e3o sair pelos centros de ensino para fazer panfletagem e convocar a ades\u00e3o de toda a categoria. \u00c0s 15h, representantes da ADUFPB v\u00e3o participar de uma audi\u00eancia p\u00fablica para debater o programa Future-se na Assembleia Legislativa da Para\u00edba.<\/p>\n<p dir=\"ltr\">Na manh\u00e3 da ter\u00e7a-feira, a partir das 8h, a comiss\u00e3o de mobiliza\u00e7\u00e3o vai circular o exterior do campus I uma faixa preta para simbolizar o luto da comunidade universit\u00e1ria e o rep\u00fadio aos cortes no or\u00e7amento, ao programa Future-se e \u00e0 reforma da Previd\u00eancia.<\/p>\n<p dir=\"ltr\">Em Jo\u00e3o Pessoa, o Dia Nacional de Greve da Educa\u00e7\u00e3o e em Defesa das Aposentadorias est\u00e1 sendo organizado pelas seguintes entidades: ADUFPB, Sintespb, Sintefpb, Sintep-PB, Sintem, DCE UFPB, UNE, UBES, ANPG, CUT, CTB, FBP, MST, CPT e MTD.<\/p>\n<p><em>Fonte: Ascom ADUFPB<\/em><\/p>\n","protected":false},"excerpt":{"rendered":"<p>Reunidos em assembleia geral na manh\u00e3 desta segunda-feira (12), os professores da UFPB aprovaram por unanimidade a ades\u00e3o da categoria ao Dia Nacional de Greve da Educa\u00e7\u00e3o e em Defesa das Aposentadorias, que ser\u00e1 realizado em todo o pa\u00eds na ter\u00e7a-feira, 13 de agosto, com paralisa\u00e7\u00e3o das aulas. Al\u00e9m dos docentes de Jo\u00e3o Pessoa, os&hellip;<\/p>\n","protected":false},"author":3,"featured_media":21015,"comment_status":"closed","ping_status":"closed","sticky":false,"template":"","format":"standard","meta":{"footnotes":""},"categories":[15,417],"tags":[816,602,1272,216,1264,294],"class_list":["post-21012","post","type-post","status-publish","format-standard","has-post-thumbnail","hentry","category-noticias","category-noticias-destaque","tag-assembleia","tag-cortes","tag-dia-nacional-de-greve","tag-educacao","tag-future-se","tag-reforma-da-previdencia","category-15","category-417","description-off"],"_links":{"self":[{"href":"https:\/\/www.adufpb.org.br\/site\/wp-json\/wp\/v2\/posts\/21012","targetHints":{"allow":["GET"]}}],"collection":[{"href":"https:\/\/www.adufpb.org.br\/site\/wp-json\/wp\/v2\/posts"}],"about":[{"href":"https:\/\/www.adufpb.org.br\/site\/wp-json\/wp\/v2\/types\/post"}],"author":[{"embeddable":true,"href":"https:\/\/www.adufpb.org.br\/site\/wp-json\/wp\/v2\/users\/3"}],"replies":[{"embeddable":true,"href":"https:\/\/www.adufpb.org.br\/site\/wp-json\/wp\/v2\/comments?post=21012"}],"version-history":[{"count":5,"href":"https:\/\/www.adufpb.org.br\/site\/wp-json\/wp\/v2\/posts\/21012\/revisions"}],"predecessor-version":[{"id":21026,"href":"https:\/\/www.adufpb.org.br\/site\/wp-json\/wp\/v2\/posts\/21012\/revisions\/21026"}],"wp:featuredmedia":[{"embeddable":true,"href":"https:\/\/www.adufpb.org.br\/site\/wp-json\/wp\/v2\/media\/21015"}],"wp:attachment":[{"href":"https:\/\/www.adufpb.org.br\/site\/wp-json\/wp\/v2\/media?parent=21012"}],"wp:term":[{"taxonomy":"category","embeddable":true,"href":"https:\/\/www.adufpb.org.br\/site\/wp-json\/wp\/v2\/categories?post=21012"},{"taxonomy":"post_tag","embeddable":true,"href":"https:\/\/www.adufpb.org.br\/site\/wp-json\/wp\/v2\/tags?post=21012"}],"curies":[{"name":"wp","href":"https:\/\/api.w.org\/{rel}","templated":true}]}}