{"id":2101,"date":"2011-09-30T09:45:48","date_gmt":"2011-09-30T13:45:48","guid":{"rendered":"http:\/\/www.adufpb.org.br\/site\/professores-denunciam-assedio-moral-em-encontro-regional-do-andes-sn\/"},"modified":"2011-09-30T09:45:48","modified_gmt":"2011-09-30T13:45:48","slug":"professores-denunciam-assedio-moral-em-encontro-regional-do-andes-sn","status":"publish","type":"post","link":"https:\/\/www.adufpb.org.br\/site\/professores-denunciam-assedio-moral-em-encontro-regional-do-andes-sn\/","title":{"rendered":"Professores denunciam ass\u00e9dio moral em encontro regional do ANDES-SN"},"content":{"rendered":"<p>Docentes de v\u00e1rias universidades do Norte do pa\u00eds est\u00e3o sendo v\u00edtimas de ass\u00e9dio moral por parte da administra\u00e7\u00e3o das institui\u00e7\u00f5es nas quais atuam. As den\u00fancias foram feitas durante o segundo dia do Encontro da Regional Norte II do ANDES-SN, realizado nos dias 23 e 24 deste m\u00eas, em Macap\u00e1 (AP).<\/p>\n<p>Durante o encontro, o advogado Jos\u00e9 Luis Wagner, do escrit\u00f3rio Wagner &amp; Associados (que presta assessoria a v\u00e1rias se\u00e7\u00f5es sindicais), proferiu palestra sobre ass\u00e9dio moral e est\u00e1gio probat\u00f3rio, na qual caracterizou o crime, exemplificou situa\u00e7\u00f5es e apontou algumas a\u00e7\u00f5es que devem ser tomadas diante do ass\u00e9dio.<\/p>\n<p>Representantes do Sindicato dos Docentes do Instituto Federal do Amap\u00e1 &#8211; Laranjal do Jar\u00ed (Sindifap-LJ) e do Sindicato dos Docentes da Universidade Federal do Oeste do Par\u00e1 (Sindufopa) apresentaram v\u00e1rios exemplos de situa\u00e7\u00f5es caracterizadas como ass\u00e9dio moral vivenciadas pelos professores das duas Institui\u00e7\u00f5es de Ensino Superior.<\/p>\n<p><strong>Participa\u00e7\u00e3o no movimento docente motiva persegui\u00e7\u00e3o<\/strong><\/p>\n<p>O diretor da Sindufopa, Luis Fernando Fran\u00e7a, reclamou do modelo acad\u00eamico adotado e imposto pela institui\u00e7\u00e3o, al\u00e9m da gest\u00e3o autorit\u00e1ria dos respons\u00e1veis pela administra\u00e7\u00e3o da UFOPA.  Ele exemplificou com o caso do professor Gilson Costa, que junto com um t\u00e9cnico, foi advertido pela reitoria ap\u00f3s apoiar uma manifesta\u00e7\u00e3o de estudantes contra as p\u00e9ssimas condi\u00e7\u00f5es oferecidas pela universidade.<\/p>\n<p>Segundo Sandra Moreira, diretora da Regional Norte II, que acompanhou o relato do caso, o professor vem sofrendo persegui\u00e7\u00e3o da administra\u00e7\u00e3o da UFOPA desde que entrou na universidade e tentou organizar uma se\u00e7\u00e3o sindical do ANDES-SN no campus.<\/p>\n<p>&#8220;No in\u00edcio, as persegui\u00e7\u00f5es foram sutis, como delegar ao docente um n\u00famero abusivo de disciplinas e ainda coloc\u00e1-lo para ministrar aulas, cujas disciplinas n\u00e3o est\u00e3o em sua \u00e1rea de atua\u00e7\u00e3o, al\u00e9m de envi\u00e1-lo para aulas no interior do estado&#8221;, relata.<\/p>\n<p>Sandra conta que a retalia\u00e7\u00e3o ao professor ficou mais evidente depois que Costa apoiou os alunos em uma manifesta\u00e7\u00e3o durante a aula magna no in\u00edcio do ano letivo de 2011.<\/p>\n<p>&#8220;Os alunos reclamavam das condi\u00e7\u00f5es prec\u00e1rias da UFOPA e Gilson apoiou o movimento. Depois disso, ele foi acusado falsamente de instigar os discentes e impedir a realiza\u00e7\u00e3o da aula. A reitoria abriu ent\u00e3o um processo administrativo contra ele, que resultou em uma advert\u00eancia ao docente&#8221;, completa.<\/p>\n<p>Assim como Fran\u00e7a, a diretora da Regional Norte II avalia que existe a inten\u00e7\u00e3o, por parte da administra\u00e7\u00e3o, de exonerar Costa, uma vez que ele est\u00e1 respondendo por mais dois processos administrativos disciplinares.<\/p>\n<p>O ass\u00e9dio moral ao professor Gilson n\u00e3o \u00e9 um caso isolado na Universidade Federal do Oeste do Par\u00e1. No encontro, foi relatado ainda que v\u00e1rios docentes da UFOPA, por n\u00e3o conseguirem preencher seus planos acad\u00eamicos no campus de Santar\u00e9m, tiveram que assumir turmas do Programa de Forma\u00e7\u00e3o de Professores (Parfor) do Minist\u00e9rio de Educa\u00e7\u00e3o (MEC), no interior do Par\u00e1, fora da sede do munic\u00edpio para onde prestaram concurso.<\/p>\n<p>&#8220;Esses professores foram obrigados a assumir as disciplinas, constando como carga hor\u00e1ria na UFOPA, sem ao menos receber a bolsa do MEC prevista para aqueles que trabalham no programa, para as despesas como deslocamento&#8221;, denuncia Sandra.<\/p>\n<p><strong>Persegui\u00e7\u00e3o n\u00e3o \u00e9 caso isolado<\/strong><\/p>\n<p>A professora Marinalva Oliveira, da Universidade Federal do Amap\u00e1 (UNIFAP), tamb\u00e9m disse ter sofrido amea\u00e7a do diretor de Recursos Humanos da Institui\u00e7\u00e3o, Felipe Carvalho, em fun\u00e7\u00e3o de sua participa\u00e7\u00e3o ativa no movimento docente, em particular junto ao colegiado do curso de Enfermagem, que enfrentava grande crise por car\u00eancia de professores.<\/p>\n<p>Al\u00e9m de desqualificar a professora frente a alunos participantes do movimento estudantil, o diretor amea\u00e7ou entrar no Minist\u00e9rio P\u00fablico Federal com uma den\u00fancia crime por advocacia administrativa ilegal contra a docente, quando ela tentou auxiliar na solu\u00e7\u00e3o do caso do professor Yurgel Caldas. Ele observou descontos indevidos incidindo sobre seu sal\u00e1rio e pediu ajuda \u00e0 Marinalva, pois estava em Portugal, realizando seu p\u00f3s-doutorado. Ao fazer a amea\u00e7a, Carvalho alegou que a professora n\u00e3o tinha procura\u00e7\u00e3o legal para intervir em favor de Caldas.<\/p>\n<p><strong>Sindicato pede que docentes denunciem o ass\u00e9dio<\/strong><\/p>\n<p>Segundo Sandra Moreira, estes s\u00e3o apenas alguns exemplos de uma situa\u00e7\u00e3o que se repete em diversas Institui\u00e7\u00f5es de Ensino no Brasil, principalmente naquelas mais novas, fruto do programa de expans\u00e3o do governo federal.<\/p>\n<p>&#8220;Por isso consideramos de extrema import\u00e2ncia que as se\u00e7\u00f5es sindicais realizem encontros, onde os professores possam ter a oportunidade para denunciar os crimes a que est\u00e3o submetidos. O ANDES-SN est\u00e1 de portas abertas aos docentes e nunca deixamos uma den\u00fancia sem resposta. Sempre estamos dando encaminhamento \u00e0s quest\u00f5es&#8221;, conta.<\/p>\n<p>Uma mo\u00e7\u00e3o de apoio aos docentes Gilson e Marinalva e de rep\u00fadio aos respons\u00e1veis pelo crime de ass\u00e9dio moral foi aprovada no encontro e ser\u00e1 encaminhada pela Regional II. Al\u00e9m disso, a\u00e7\u00f5es legais ser\u00e3o encaminhadas pelos advogados das se\u00e7\u00f5es sindicais, que tamb\u00e9m prestar\u00e3o consultoria aos docentes do campus de Laranjal do Jar\u00ed (AP).<\/p>\n<p><a href=\"http:\/\/portal.andes.org.br\/imprensa\/noticias\/imp-ult-21889833.pdf\" target=\"_blank\">Confira aqui o relat\u00f3rio do Encontro da Regional Norte II<\/a><\/p>\n<p><em>Fonte: ANDES-SN<\/em><\/p>\n","protected":false},"excerpt":{"rendered":"<p>Docentes de v\u00e1rias universidades do Norte do pa\u00eds est\u00e3o sendo v\u00edtimas de ass\u00e9dio moral por parte da administra\u00e7\u00e3o das institui\u00e7\u00f5es nas quais atuam. As den\u00fancias foram feitas durante o segundo dia do Encontro da Regional Norte II do ANDES-SN, realizado nos dias 23 e 24 deste m\u00eas, em Macap\u00e1 (AP). Durante o encontro, o advogado&hellip;<\/p>\n","protected":false},"author":3,"featured_media":0,"comment_status":"open","ping_status":"open","sticky":false,"template":"","format":"standard","meta":{"footnotes":""},"categories":[15],"tags":[120],"class_list":["post-2101","post","type-post","status-publish","format-standard","hentry","category-noticias","tag-encontros","category-15","description-off"],"_links":{"self":[{"href":"https:\/\/www.adufpb.org.br\/site\/wp-json\/wp\/v2\/posts\/2101","targetHints":{"allow":["GET"]}}],"collection":[{"href":"https:\/\/www.adufpb.org.br\/site\/wp-json\/wp\/v2\/posts"}],"about":[{"href":"https:\/\/www.adufpb.org.br\/site\/wp-json\/wp\/v2\/types\/post"}],"author":[{"embeddable":true,"href":"https:\/\/www.adufpb.org.br\/site\/wp-json\/wp\/v2\/users\/3"}],"replies":[{"embeddable":true,"href":"https:\/\/www.adufpb.org.br\/site\/wp-json\/wp\/v2\/comments?post=2101"}],"version-history":[{"count":0,"href":"https:\/\/www.adufpb.org.br\/site\/wp-json\/wp\/v2\/posts\/2101\/revisions"}],"wp:attachment":[{"href":"https:\/\/www.adufpb.org.br\/site\/wp-json\/wp\/v2\/media?parent=2101"}],"wp:term":[{"taxonomy":"category","embeddable":true,"href":"https:\/\/www.adufpb.org.br\/site\/wp-json\/wp\/v2\/categories?post=2101"},{"taxonomy":"post_tag","embeddable":true,"href":"https:\/\/www.adufpb.org.br\/site\/wp-json\/wp\/v2\/tags?post=2101"}],"curies":[{"name":"wp","href":"https:\/\/api.w.org\/{rel}","templated":true}]}}