{"id":2100,"date":"2011-09-30T09:42:27","date_gmt":"2011-09-30T13:42:27","guid":{"rendered":"http:\/\/www.adufpb.org.br\/site\/debate-sobre-autonomia-universitaria-na-uneb-podera-ser-acompanhado-na-internet\/"},"modified":"2011-09-30T09:42:27","modified_gmt":"2011-09-30T13:42:27","slug":"debate-sobre-autonomia-universitaria-na-uneb-podera-ser-acompanhado-na-internet","status":"publish","type":"post","link":"https:\/\/www.adufpb.org.br\/site\/debate-sobre-autonomia-universitaria-na-uneb-podera-ser-acompanhado-na-internet\/","title":{"rendered":"Debate sobre Autonomia Universit\u00e1ria na Uneb poder\u00e1 ser acompanhado na internet"},"content":{"rendered":"<p>O F\u00f3rum das ADs realiza nesta sexta-feira, 30, um semin\u00e1rio sobre Autonomia Universit\u00e1ria. O evento acontecer\u00e1 no Teatro Universidade Estadual da Bahia (UNEB), a partir das 9 horas. O F\u00f3rum das ADs re\u00fane as quatro se\u00e7\u00f5es sindicais das universidades estaduais da Bahia &#8211; Adufs, Adusc, Aduneb e Adusb.<\/p>\n<p>A discuss\u00e3o tamb\u00e9m poder\u00e1 ser acompanhada ao vivo por videoconfer\u00eancia atrav\u00e9s do link: <a href=\"mms:\/\/aovivo.uneb.br\/aduneb\" target=\"_blank\">mms:\/\/aovivo.uneb.br\/aduneb<\/a> (para acessar ser\u00e1 necess\u00e1rio que o programa media player ou real player esteja instalado na m\u00e1quina). Aqueles que quiserem participar \u00e0 dist\u00e2ncia, poder\u00e3o enviar perguntas para o e-mail: ascomforumads@gmail.com<\/p>\n<p>O Semin\u00e1rio ser\u00e1 aberto a toda comunidade acad\u00eamica e contar\u00e1 com a presen\u00e7a dos palestrantes Paulo Cesar Centoducatte, da Universidade de Campinas (Unicamp\/SP) e Jos\u00e9 Crist\u00f3v\u00e3o de Andrade, da Associa\u00e7\u00e3o dos Docentes da Universidade Estadual da Para\u00edba (Aduepb \u2013 Se\u00e7\u00e3o Sindical do ANDES-SN).<\/p>\n<p>O debate acontecer\u00e1 nos marcos do an\u00fancio de um novo Projeto de Lei estadual do Governo Wagner que, apesar do conte\u00fado ainda n\u00e3o ser oficial, poder\u00e1 ferir ainda mais a t\u00e3o fr\u00e1gil autonomia universit\u00e1ria das estaduais baianas (UEBA).<\/p>\n<p><strong>Sobre o PL<\/strong><\/p>\n<p>O governo do estado, numa tentativa de se livrar das UEBA, est\u00e1 planejando enviar um Projeto de Lei \u00e0 Assembleia Legislativa da Bahia, nos pr\u00f3ximos dias, fixando o or\u00e7amento das universidades em 5% da Receita L\u00edquida de Impostos (RLI), por quatro anos.<\/p>\n<p>Com essa pol\u00edtica, as universidades ser\u00e3o afetadas nas suas principais atividades (ensino, pesquisa extens\u00e3o). Sendo assim, o crescimento das UEBA, conforme a expans\u00e3o estabelecida nos Planos de Desenvolvimento Institucional (PDI), elaborados pelas universidades, ser\u00e1 totalmente prejudicado.<\/p>\n<p>As proje\u00e7\u00f5es or\u00e7ament\u00e1rias para 2011 e 2012 (cerca de R$ 725 milh\u00f5es e R$ 806 milh\u00f5es, respectivamente) representam 4,874% da RLI. Al\u00e9m disso, o valor projetado pelas universidades em seus PDI&#8217;s sofreu altera\u00e7\u00e3o para menos nestes dois anos, o que afetar\u00e1 fortemente a expans\u00e3o das UEBA.<\/p>\n<p>*Com informa\u00e7\u00f5es da Associa\u00e7\u00e3o da Universidade Estadual da Bahia (Aduneb \u2013 Se\u00e7\u00e3o Sindical do ANDES-SN)<\/p>\n<p><em>Fonte: ANDES-SN<\/em><\/p>\n","protected":false},"excerpt":{"rendered":"<p>O F\u00f3rum das ADs realiza nesta sexta-feira, 30, um semin\u00e1rio sobre Autonomia Universit\u00e1ria. O evento acontecer\u00e1 no Teatro Universidade Estadual da Bahia (UNEB), a partir das 9 horas. O F\u00f3rum das ADs re\u00fane as quatro se\u00e7\u00f5es sindicais das universidades estaduais da Bahia &#8211; Adufs, Adusc, Aduneb e Adusb. A discuss\u00e3o tamb\u00e9m poder\u00e1 ser acompanhada ao&hellip;<\/p>\n","protected":false},"author":3,"featured_media":0,"comment_status":"open","ping_status":"open","sticky":false,"template":"","format":"standard","meta":{"footnotes":""},"categories":[15],"tags":[167],"class_list":["post-2100","post","type-post","status-publish","format-standard","hentry","category-noticias","tag-autonomia-universitaria","category-15","description-off"],"_links":{"self":[{"href":"https:\/\/www.adufpb.org.br\/site\/wp-json\/wp\/v2\/posts\/2100","targetHints":{"allow":["GET"]}}],"collection":[{"href":"https:\/\/www.adufpb.org.br\/site\/wp-json\/wp\/v2\/posts"}],"about":[{"href":"https:\/\/www.adufpb.org.br\/site\/wp-json\/wp\/v2\/types\/post"}],"author":[{"embeddable":true,"href":"https:\/\/www.adufpb.org.br\/site\/wp-json\/wp\/v2\/users\/3"}],"replies":[{"embeddable":true,"href":"https:\/\/www.adufpb.org.br\/site\/wp-json\/wp\/v2\/comments?post=2100"}],"version-history":[{"count":0,"href":"https:\/\/www.adufpb.org.br\/site\/wp-json\/wp\/v2\/posts\/2100\/revisions"}],"wp:attachment":[{"href":"https:\/\/www.adufpb.org.br\/site\/wp-json\/wp\/v2\/media?parent=2100"}],"wp:term":[{"taxonomy":"category","embeddable":true,"href":"https:\/\/www.adufpb.org.br\/site\/wp-json\/wp\/v2\/categories?post=2100"},{"taxonomy":"post_tag","embeddable":true,"href":"https:\/\/www.adufpb.org.br\/site\/wp-json\/wp\/v2\/tags?post=2100"}],"curies":[{"name":"wp","href":"https:\/\/api.w.org\/{rel}","templated":true}]}}