{"id":2099,"date":"2011-09-30T09:39:54","date_gmt":"2011-09-30T13:39:54","guid":{"rendered":"http:\/\/www.adufpb.org.br\/site\/andifes-pede-criacao-de-cargos-e-funcoes-nas-universidades-federais\/"},"modified":"2011-09-30T09:39:54","modified_gmt":"2011-09-30T13:39:54","slug":"andifes-pede-criacao-de-cargos-e-funcoes-nas-universidades-federais","status":"publish","type":"post","link":"https:\/\/www.adufpb.org.br\/site\/andifes-pede-criacao-de-cargos-e-funcoes-nas-universidades-federais\/","title":{"rendered":"Andifes pede cria\u00e7\u00e3o de cargos e fun\u00e7\u00f5es nas universidades federais"},"content":{"rendered":"<p>O presidente da Associa\u00e7\u00e3o Nacional dos Dirigentes das Institui\u00e7\u00f5es Federais de Ensino Superior (Andifes) e reitor da Universidade Federal de Ouro Preto, Jo\u00e3o Martins, pediu, na \u00faltima quarta-feira (28), aos integrantes da Comiss\u00e3o de Educa\u00e7\u00e3o e Cultura a aprova\u00e7\u00e3o do projeto (PL 2134\/11) que cria cargos de dire\u00e7\u00e3o e fun\u00e7\u00f5es gratificadas nas universidades federais e institutos federais de ensino.<\/p>\n<p>Segundo Martins, h\u00e1 uma amea\u00e7a \u00e0 qualidade do ensino superior pela falta de pessoal diante da cria\u00e7\u00e3o de novas universidades e cursos. Segundo ele, a aprova\u00e7\u00e3o do projeto poderia minimizar o problema.<\/p>\n<p>&#8220;N\u00f3s estamos hoje com uma s\u00e9rie de professores tempor\u00e1rios e uma parte deles n\u00e3o deseja nem ficar nas cidades do interior em fun\u00e7\u00e3o de ter que levar suas fam\u00edlias e se instalar nas cidades\u201d, explicou Martins. \u201cPortanto, a aprova\u00e7\u00e3o desse projeto em car\u00e1ter de urg\u00eancia d\u00e1 uma tranquilidade para abrir os concursos e, consequentemente, colocar as pessoas em exerc\u00edcio no come\u00e7o do pr\u00f3ximo ano, para n\u00e3o termos problema no in\u00edcio do semestre. &#8221;<\/p>\n<p><strong>Prioridade<\/strong><\/p>\n<p>O projeto do Poder Executivo foi encaminhado \u00e0 Comiss\u00e3o de Educa\u00e7\u00e3o e Cultura no in\u00edcio de setembro e tramita em regime de prioridade. O relator \u00e9 o deputado Artur Bruno (PT-CE).<\/p>\n<p>Se aprovada nessa comiss\u00e3o, a proposta precisa passar ainda pelas comiss\u00f5es de Trabalho, de Administra\u00e7\u00e3o e Servi\u00e7o P\u00fablico; de Finan\u00e7as e Tributa\u00e7\u00e3o; e de Constitui\u00e7\u00e3o e Justi\u00e7a e de Cidadania.<\/p>\n<p><em>Fonte: Ag\u00eancia C\u00e2mara<\/em><\/p>\n","protected":false},"excerpt":{"rendered":"<p>O presidente da Associa\u00e7\u00e3o Nacional dos Dirigentes das Institui\u00e7\u00f5es Federais de Ensino Superior (Andifes) e reitor da Universidade Federal de Ouro Preto, Jo\u00e3o Martins, pediu, na \u00faltima quarta-feira (28), aos integrantes da Comiss\u00e3o de Educa\u00e7\u00e3o e Cultura a aprova\u00e7\u00e3o do projeto (PL 2134\/11) que cria cargos de dire\u00e7\u00e3o e fun\u00e7\u00f5es gratificadas nas universidades federais e&hellip;<\/p>\n","protected":false},"author":3,"featured_media":0,"comment_status":"open","ping_status":"open","sticky":false,"template":"","format":"standard","meta":{"footnotes":""},"categories":[15],"tags":[166],"class_list":["post-2099","post","type-post","status-publish","format-standard","hentry","category-noticias","tag-andifes","category-15","description-off"],"_links":{"self":[{"href":"https:\/\/www.adufpb.org.br\/site\/wp-json\/wp\/v2\/posts\/2099","targetHints":{"allow":["GET"]}}],"collection":[{"href":"https:\/\/www.adufpb.org.br\/site\/wp-json\/wp\/v2\/posts"}],"about":[{"href":"https:\/\/www.adufpb.org.br\/site\/wp-json\/wp\/v2\/types\/post"}],"author":[{"embeddable":true,"href":"https:\/\/www.adufpb.org.br\/site\/wp-json\/wp\/v2\/users\/3"}],"replies":[{"embeddable":true,"href":"https:\/\/www.adufpb.org.br\/site\/wp-json\/wp\/v2\/comments?post=2099"}],"version-history":[{"count":0,"href":"https:\/\/www.adufpb.org.br\/site\/wp-json\/wp\/v2\/posts\/2099\/revisions"}],"wp:attachment":[{"href":"https:\/\/www.adufpb.org.br\/site\/wp-json\/wp\/v2\/media?parent=2099"}],"wp:term":[{"taxonomy":"category","embeddable":true,"href":"https:\/\/www.adufpb.org.br\/site\/wp-json\/wp\/v2\/categories?post=2099"},{"taxonomy":"post_tag","embeddable":true,"href":"https:\/\/www.adufpb.org.br\/site\/wp-json\/wp\/v2\/tags?post=2099"}],"curies":[{"name":"wp","href":"https:\/\/api.w.org\/{rel}","templated":true}]}}