{"id":20979,"date":"2019-08-01T10:28:07","date_gmt":"2019-08-01T13:28:07","guid":{"rendered":"http:\/\/www.adufpb.org.br\/site\/?p=20979"},"modified":"2019-08-01T10:28:07","modified_gmt":"2019-08-01T13:28:07","slug":"um-dia-sem-reitor-a-na-ufrb-nomeacao-ja","status":"publish","type":"post","link":"https:\/\/www.adufpb.org.br\/site\/um-dia-sem-reitor-a-na-ufrb-nomeacao-ja\/","title":{"rendered":"UM DIA SEM REITOR (A) NA UFRB NOMEA\u00c7\u00c3O J\u00c1!"},"content":{"rendered":"<p>Nesses 14 anos de exist\u00eancia da Universidade Federal do Rec\u00f4ncavo da Bahia (UFRB) muitas batalhas foram travadas, mas nem o \u00e2nimo mais pessimista poderia prever que a universidade, em algum momento, ficaria sem seu dirigente m\u00e1ximo. De uma forma que jamais desejar\u00edamos, o dia 31 de julho de 2019 entrou para a hist\u00f3ria como o primeiro dia que a UFRB ficou sem reitor.<\/p>\n<p>Oficialmente, o mandato da professora Georgina Gon\u00e7alves terminou ontem (30), ainda assim, no Di\u00e1rio Oficial do dia de hoje (31) n\u00e3o saiu nenhuma publica\u00e7\u00e3o nomeando o novo reitor, sendo que o processo final da sucess\u00e3o da reitoria foi enviado ao Minist\u00e9rio da Educa\u00e7\u00e3o (MEC) ainda no m\u00eas de mar\u00e7o.<\/p>\n<p>Toda essa falta de responsabilidade por parte do governo e de setores da comunidade que n\u00e3o aceitaram o resultado da consulta para a escolha do reitor coloca a administra\u00e7\u00e3o da UFRB numa situa\u00e7\u00e3o de confus\u00e3o. A aus\u00eancia de um representante m\u00e1ximo, interrompeu, no dia de hoje, tanto as fun\u00e7\u00f5es administrativas quanto pol\u00edticas de gest\u00e3o, o que, certamente, acarreta preju\u00edzos para a universidade, os quais ainda n\u00e3o conseguimos mensurar.<\/p>\n<p>Enquanto isso, diante do protelamento da nomea\u00e7\u00e3o da reitora eleita, a comunidade fica aflita. Da parte diretoria da APUR, fica a preocupa\u00e7\u00e3o com o preju\u00edzo desse atraso, considerando o funcionamento regular da universidade, como, por exemplo, o fechamento da folha de pagamento. A dire\u00e7\u00e3o da APUR est\u00e1 em contato com a assessoria jur\u00eddica para acompanhar a situa\u00e7\u00e3o, caso tenha algum preju\u00edzo para os professores diante desse fato absurdo.<\/p>\n<p>A diretoria da associa\u00e7\u00e3o ainda destaca que \u00e9 preciso aproveitar esse momento para repensar o cuidado com a institui\u00e7\u00e3o, e a responsabilidade da Presid\u00eancia da Rep\u00fablica com esse tipo de atitude. Exigimos a nomea\u00e7\u00e3o imediata da reitora eleita!<\/p>\n<p>Fonte: Apur.org<\/p>\n","protected":false},"excerpt":{"rendered":"<p>Nesses 14 anos de exist\u00eancia da Universidade Federal do Rec\u00f4ncavo da Bahia (UFRB) muitas batalhas foram travadas, mas nem o \u00e2nimo mais pessimista poderia prever que a universidade, em algum momento, ficaria sem seu dirigente m\u00e1ximo. De uma forma que jamais desejar\u00edamos, o dia 31 de julho de 2019 entrou para a hist\u00f3ria como o&hellip;<\/p>\n","protected":false},"author":3,"featured_media":0,"comment_status":"closed","ping_status":"closed","sticky":false,"template":"","format":"standard","meta":{"footnotes":""},"categories":[15],"tags":[],"class_list":["post-20979","post","type-post","status-publish","format-standard","hentry","category-noticias","category-15","description-off"],"_links":{"self":[{"href":"https:\/\/www.adufpb.org.br\/site\/wp-json\/wp\/v2\/posts\/20979","targetHints":{"allow":["GET"]}}],"collection":[{"href":"https:\/\/www.adufpb.org.br\/site\/wp-json\/wp\/v2\/posts"}],"about":[{"href":"https:\/\/www.adufpb.org.br\/site\/wp-json\/wp\/v2\/types\/post"}],"author":[{"embeddable":true,"href":"https:\/\/www.adufpb.org.br\/site\/wp-json\/wp\/v2\/users\/3"}],"replies":[{"embeddable":true,"href":"https:\/\/www.adufpb.org.br\/site\/wp-json\/wp\/v2\/comments?post=20979"}],"version-history":[{"count":1,"href":"https:\/\/www.adufpb.org.br\/site\/wp-json\/wp\/v2\/posts\/20979\/revisions"}],"predecessor-version":[{"id":20980,"href":"https:\/\/www.adufpb.org.br\/site\/wp-json\/wp\/v2\/posts\/20979\/revisions\/20980"}],"wp:attachment":[{"href":"https:\/\/www.adufpb.org.br\/site\/wp-json\/wp\/v2\/media?parent=20979"}],"wp:term":[{"taxonomy":"category","embeddable":true,"href":"https:\/\/www.adufpb.org.br\/site\/wp-json\/wp\/v2\/categories?post=20979"},{"taxonomy":"post_tag","embeddable":true,"href":"https:\/\/www.adufpb.org.br\/site\/wp-json\/wp\/v2\/tags?post=20979"}],"curies":[{"name":"wp","href":"https:\/\/api.w.org\/{rel}","templated":true}]}}