{"id":20964,"date":"2019-07-29T12:38:39","date_gmt":"2019-07-29T15:38:39","guid":{"rendered":"http:\/\/www.adufpb.org.br\/site\/?p=20964"},"modified":"2019-07-29T12:42:48","modified_gmt":"2019-07-29T15:42:48","slug":"reuniao-da-adufpb-com-aposentados-discute-reforma-da-previdencia","status":"publish","type":"post","link":"https:\/\/www.adufpb.org.br\/site\/reuniao-da-adufpb-com-aposentados-discute-reforma-da-previdencia\/","title":{"rendered":"Reuni\u00e3o da ADUFPB com aposentados discute reforma da Previd\u00eancia"},"content":{"rendered":"<p dir=\"ltr\"><a href=\"http:\/\/www.adufpb.org.br\/site\/wp-content\/uploads\/2019\/07\/2019.07.29-reuni\u00e3o-aposentados.jpeg\"><img loading=\"lazy\" decoding=\"async\" class=\"alignright size-medium wp-image-20965\" alt=\"2019.07.29 - reuni\u00e3o aposentados\" src=\"http:\/\/www.adufpb.org.br\/site\/wp-content\/uploads\/2019\/07\/2019.07.29-reuni\u00e3o-aposentados-300x225.jpeg\" width=\"300\" height=\"225\" srcset=\"https:\/\/www.adufpb.org.br\/site\/wp-content\/uploads\/2019\/07\/2019.07.29-reuni\u00e3o-aposentados-300x225.jpeg 300w, https:\/\/www.adufpb.org.br\/site\/wp-content\/uploads\/2019\/07\/2019.07.29-reuni\u00e3o-aposentados-1024x768.jpeg 1024w, https:\/\/www.adufpb.org.br\/site\/wp-content\/uploads\/2019\/07\/2019.07.29-reuni\u00e3o-aposentados.jpeg 1280w\" sizes=\"auto, (max-width: 300px) 100vw, 300px\" \/><\/a>A Diretoria Executiva da ADUFPB realizou na manh\u00e3 desta segunda-feira (29\/7), na sede da entidade, no Centro de Viv\u00eancia, uma reuni\u00e3o com os(as) docentes aposentados(as) da UFPB para esclarecer a categoria sobre os principais pontos da reforma da Previd\u00eancia. O projeto foi aprovado em primeiro turno pela C\u00e2mara dos Deputados no dia 10 de julho e agora passar\u00e1 por uma segunda vota\u00e7\u00e3o, que est\u00e1 prevista para ocorrer em 6 de agosto.<\/p>\n<p dir=\"ltr\">Participaram da reuni\u00e3o o vice-presidente da ADUFPB, professor Fernando Cunha, e o diretor Marcelo Sitcovsky. Al\u00e9m da reforma da Previd\u00eancia, eles tamb\u00e9m falaram um pouco sobre o Programa Future-se, do Minist\u00e9rio da Educa\u00e7\u00e3o, que ir\u00e1 transferir o financiamento das institui\u00e7\u00f5es federais de ensino para um fundo de investimento que depender\u00e1 das oscila\u00e7\u00f5es do mercado financeiro.<\/p>\n<p dir=\"ltr\">De acordo com o professor Fernando Cunha, a atividade desta segunda-feira est\u00e1 inserida no cronograma de a\u00e7\u00f5es de mobiliza\u00e7\u00e3o que vem sendo desenvolvido pela ADUFPB nos diversos campi da Universidade contra a reforma da Previd\u00eancia e o Future-se. Ainda nesta segunda-feira, \u00e0s 16h, haver\u00e1 outra reuni\u00e3o da Diretoria na sede da entidade, desta vez com os diretores dos diversos centros de ensino da UFPB.<\/p>\n<p dir=\"ltr\">Durante a semana, ser\u00e3o realizados tamb\u00e9m reuni\u00f5es nos centros de Educa\u00e7\u00e3o (dia 30, \u00e0s 10h) e de Tecnologia (dia 1\u00ba de agosto, \u00e0s 9h30). No dia 31, a ADUFPB promove mais uma edi\u00e7\u00e3o do projeto Realidade Brasileira e Universidade, desta vez com o tema \u201cReforma da Previd\u00eancia e os impactos na carreira docente\u201d. A atividade ocorrer\u00e1 nos campi de Areia (pela manh\u00e3) e Bananeiras (\u00e0 tarde).<\/p>\n<p dir=\"ltr\">O professor Marcelo Sitcovsky de um panorama sobre os principais pontos da reforma da Previd\u00eancia que atingem os servidores que j\u00e1 est\u00e3o aposentados. Segundo ele, a Proposta de Emenda \u00e0 Constitui\u00e7\u00e3o n. 06 vai representar o confisco das remunera\u00e7\u00f5es &#8211; sal\u00e1rios, aposentadorias e pens\u00f5es. A al\u00edquota de contribui\u00e7\u00e3o do INSS, que hoje \u00e9 de 11% para os servidores p\u00fablicos, passar\u00e1 a ser vari\u00e1vel conforme a remunera\u00e7\u00e3o, podendo ser maior ou menor.<\/p>\n<p dir=\"ltr\">No caso dos professores federais, a grande maioria sofrer\u00e1 o aumento da al\u00edquota de contribui\u00e7\u00e3o, inclusive aqueles que j\u00e1 est\u00e3o aposentados, pois desde a 2013, os inativos tamb\u00e9m precisam contribuir com a Previd\u00eancia. A estimativa \u00e9 de que a m\u00e9dia dos professores federais contribua com uma al\u00edquota de 16,5%, mais de cinco pontos percentuais a mais do que \u00e9 hoje em dia.<\/p>\n<p><em>Fonte: Ascom ADUFPB<\/em><\/p>\n","protected":false},"excerpt":{"rendered":"<p>A Diretoria Executiva da ADUFPB realizou na manh\u00e3 desta segunda-feira (29\/7), na sede da entidade, no Centro de Viv\u00eancia, uma reuni\u00e3o com os(as) docentes aposentados(as) da UFPB para esclarecer a categoria sobre os principais pontos da reforma da Previd\u00eancia. O projeto foi aprovado em primeiro turno pela C\u00e2mara dos Deputados no dia 10 de julho&hellip;<\/p>\n","protected":false},"author":3,"featured_media":0,"comment_status":"closed","ping_status":"closed","sticky":false,"template":"","format":"standard","meta":{"footnotes":""},"categories":[15],"tags":[63,199,294,567],"class_list":["post-20964","post","type-post","status-publish","format-standard","hentry","category-noticias","tag-aposentados","tag-previdencia","tag-reforma-da-previdencia","tag-reuniao","category-15","description-off"],"_links":{"self":[{"href":"https:\/\/www.adufpb.org.br\/site\/wp-json\/wp\/v2\/posts\/20964","targetHints":{"allow":["GET"]}}],"collection":[{"href":"https:\/\/www.adufpb.org.br\/site\/wp-json\/wp\/v2\/posts"}],"about":[{"href":"https:\/\/www.adufpb.org.br\/site\/wp-json\/wp\/v2\/types\/post"}],"author":[{"embeddable":true,"href":"https:\/\/www.adufpb.org.br\/site\/wp-json\/wp\/v2\/users\/3"}],"replies":[{"embeddable":true,"href":"https:\/\/www.adufpb.org.br\/site\/wp-json\/wp\/v2\/comments?post=20964"}],"version-history":[{"count":3,"href":"https:\/\/www.adufpb.org.br\/site\/wp-json\/wp\/v2\/posts\/20964\/revisions"}],"predecessor-version":[{"id":20968,"href":"https:\/\/www.adufpb.org.br\/site\/wp-json\/wp\/v2\/posts\/20964\/revisions\/20968"}],"wp:attachment":[{"href":"https:\/\/www.adufpb.org.br\/site\/wp-json\/wp\/v2\/media?parent=20964"}],"wp:term":[{"taxonomy":"category","embeddable":true,"href":"https:\/\/www.adufpb.org.br\/site\/wp-json\/wp\/v2\/categories?post=20964"},{"taxonomy":"post_tag","embeddable":true,"href":"https:\/\/www.adufpb.org.br\/site\/wp-json\/wp\/v2\/tags?post=20964"}],"curies":[{"name":"wp","href":"https:\/\/api.w.org\/{rel}","templated":true}]}}