{"id":20935,"date":"2019-07-24T12:52:52","date_gmt":"2019-07-24T15:52:52","guid":{"rendered":"http:\/\/www.adufpb.org.br\/site\/?p=20935"},"modified":"2019-07-26T11:39:50","modified_gmt":"2019-07-26T14:39:50","slug":"plenaria-unificada-na-ufpb-discute-o-programa-future-se-nesta-quinta-feira","status":"publish","type":"post","link":"https:\/\/www.adufpb.org.br\/site\/plenaria-unificada-na-ufpb-discute-o-programa-future-se-nesta-quinta-feira\/","title":{"rendered":"Plen\u00e1ria unificada na UFPB discute o programa Future-se nesta quinta-feira"},"content":{"rendered":"<p dir=\"ltr\">A comunidade universit\u00e1ria da UFPB participa nesta quinta-feira, 25\/7, de uma plen\u00e1ria unificada no Centro de Viv\u00eancia do campus I, em Jo\u00e3o Pessoa, a partir das 16h. Em pauta, a discuss\u00e3o sobre o programa Future-se, apresentado pelo Minist\u00e9rio da Educa\u00e7\u00e3o no dia 16 de julho. A ADUFPB participa da organiza\u00e7\u00e3o da atividade, juntamente com o Sintespb (Sindicato dos Trabalhadores em Educa\u00e7\u00e3o Superior da Para\u00edba) e o DCE (Diret\u00f3rio Central dos Estudantes).<\/p>\n<p dir=\"ltr\">Com a presen\u00e7a de professores, servidores t\u00e9cnico-administrativos e estudantes, a plen\u00e1ria unificada vai aprofundar as discuss\u00f5es iniciadas na assembleia universit\u00e1ria realizada pela reitoria da UFPB na \u00faltima segunda-feira. A atividade, inicialmente marcada para acontecer no audit\u00f3rio do CCJ, precisou ser transferida para o Centro de Viv\u00eancia devido \u00e0 grande quantidade de pessoas interessadas no debate.<\/p>\n<p dir=\"ltr\">As diversas falas que se seguiram foram majoritariamente contr\u00e1rios ao projeto do Future-se, visto pela comunidade como um instrumento potencialmente danoso ao modelo de educa\u00e7\u00e3o p\u00fablica e democr\u00e1tica do Estado brasileiro. A proposta do Governo Federal coloca o financiamento das institui\u00e7\u00f5es federais de ensino sob o risco da instabilidade do sistema financeiro. Al\u00e9m disso, o ministro da Educa\u00e7\u00e3o, Abraham Weintraub, j\u00e1 admitiu esta semana que o novo modelo permitir\u00e1 a contrata\u00e7\u00e3o de professores via CLT, levando a carreira de professor federal a um processo de extin\u00e7\u00e3o.<\/p>\n<p>As assembleias universit\u00e1rias da reitoria tamb\u00e9m est\u00e3o sendo realizadas nos campi do interior. Nesta quarta-feira, 24, ela aconteceu em Areia e Bananeiras. No dia 30 de julho, os debates ser\u00e3o no campus IV (Rio Tinto e Mamanguape), \u00e0s 15h. E no dia 2 de agosto, haver\u00e1 o F\u00f3rum Universit\u00e1rio no campus I, em Jo\u00e3o Pessoa, em hor\u00e1rio a ser definido.<\/p>\n<p><em>Fonte: Ascom ADUFPB<\/em><\/p>\n","protected":false},"excerpt":{"rendered":"<p>A comunidade universit\u00e1ria da UFPB participa nesta quinta-feira, 25\/7, de uma plen\u00e1ria unificada no Centro de Viv\u00eancia do campus I, em Jo\u00e3o Pessoa, a partir das 16h. Em pauta, a discuss\u00e3o sobre o programa Future-se, apresentado pelo Minist\u00e9rio da Educa\u00e7\u00e3o no dia 16 de julho. A ADUFPB participa da organiza\u00e7\u00e3o da atividade, juntamente com o&hellip;<\/p>\n","protected":false},"author":3,"featured_media":20936,"comment_status":"closed","ping_status":"closed","sticky":false,"template":"","format":"standard","meta":{"footnotes":""},"categories":[15,417],"tags":[],"class_list":["post-20935","post","type-post","status-publish","format-standard","has-post-thumbnail","hentry","category-noticias","category-noticias-destaque","category-15","category-417","description-off"],"_links":{"self":[{"href":"https:\/\/www.adufpb.org.br\/site\/wp-json\/wp\/v2\/posts\/20935","targetHints":{"allow":["GET"]}}],"collection":[{"href":"https:\/\/www.adufpb.org.br\/site\/wp-json\/wp\/v2\/posts"}],"about":[{"href":"https:\/\/www.adufpb.org.br\/site\/wp-json\/wp\/v2\/types\/post"}],"author":[{"embeddable":true,"href":"https:\/\/www.adufpb.org.br\/site\/wp-json\/wp\/v2\/users\/3"}],"replies":[{"embeddable":true,"href":"https:\/\/www.adufpb.org.br\/site\/wp-json\/wp\/v2\/comments?post=20935"}],"version-history":[{"count":2,"href":"https:\/\/www.adufpb.org.br\/site\/wp-json\/wp\/v2\/posts\/20935\/revisions"}],"predecessor-version":[{"id":20938,"href":"https:\/\/www.adufpb.org.br\/site\/wp-json\/wp\/v2\/posts\/20935\/revisions\/20938"}],"wp:featuredmedia":[{"embeddable":true,"href":"https:\/\/www.adufpb.org.br\/site\/wp-json\/wp\/v2\/media\/20936"}],"wp:attachment":[{"href":"https:\/\/www.adufpb.org.br\/site\/wp-json\/wp\/v2\/media?parent=20935"}],"wp:term":[{"taxonomy":"category","embeddable":true,"href":"https:\/\/www.adufpb.org.br\/site\/wp-json\/wp\/v2\/categories?post=20935"},{"taxonomy":"post_tag","embeddable":true,"href":"https:\/\/www.adufpb.org.br\/site\/wp-json\/wp\/v2\/tags?post=20935"}],"curies":[{"name":"wp","href":"https:\/\/api.w.org\/{rel}","templated":true}]}}