{"id":20904,"date":"2019-07-22T19:02:59","date_gmt":"2019-07-22T22:02:59","guid":{"rendered":"http:\/\/www.adufpb.org.br\/site\/?p=20904"},"modified":"2019-07-22T19:37:59","modified_gmt":"2019-07-22T22:37:59","slug":"comunidade-academica-da-ufpb-inicia-discussao-do-future-se","status":"publish","type":"post","link":"https:\/\/www.adufpb.org.br\/site\/comunidade-academica-da-ufpb-inicia-discussao-do-future-se\/","title":{"rendered":"Comunidade acad\u00eamica da UFPB inicia discuss\u00e3o do &#8220;Future-se&#8221;"},"content":{"rendered":"<p>A comunidade acad\u00eamica da universidade Federal da Para\u00edba (UFPB) iniciou o processo de discuss\u00e3o do projeto Future-se, do governo Bolsonaro, na tarde desta segunda-feira (22\/07) com uma assembleia geral no Centro de Viv\u00eancia do campus I, em Jo\u00e3o Pessoa. O espa\u00e7o foi totalmente ocupado por estudantes, professores e t\u00e9cnico-administrativos.<\/p>\n<p>A reitora Margareth Diniz, que convocou a assembleia, apresentou o programa e j\u00e1 antecipou que se posicionar\u00e1 contra as mudan\u00e7as. Servidores da reitoria apresentaram mais detalhes do Future-se atrav\u00e9s de slides.<\/p>\n<p>O presidente da Associa\u00e7\u00e3o dos Docentes da UFPB, Cristiano Bonneau; a presidente do Sindicato dos Trabalhadores em Ensino Superior da Para\u00edba, Geralda V\u00edtor e a deputada estadual Cida Ramos (PSB) foram algumas das pessoas a se posicionaram contra a proposta do governo Bolsonaro.<\/p>\n<p>De acordo com a assessoria de imprensa da UFPB, a convoca\u00e7\u00e3o de assembleias \u00e9 prevista no estatuto da UFPB para tratar de temas de interesse da comunidade universit\u00e1ria. Esta primeira plen\u00e1ria estava marcada para ocorrer no Audit\u00f3rio do Centro de Ci\u00eancias Jur\u00eddicas (CCJ), tamb\u00e9m no campus I, mas devido ao grande n\u00famero de interessados, acabou sendo transferida de \u00faltima hora para o Centro de Viv\u00eancias.<\/p>\n<p><span style=\"text-decoration: underline;\">Confira, abaixo, a agenda de debates:<\/span><\/p>\n<p>24\/07 \u2013 No campus II, em Areia, \u00e0s 9h; e no campus III, em Bananeiras, \u00e0s 15h<br \/>\n30\/07 &#8211; No campus IV, em Rio Tinto e Mamanguape, \u00e0s 15h<br \/>\n02\/08 \u2013 No F\u00f3rum Universit\u00e1rio, no campus I, em Jo\u00e3o Pessoa, em hor\u00e1rio a definir<\/p>\n\n\t\t\t<style type='text\/css'>\n\t\t\t\t#gallery-1 {\n\t\t\t\t\tmargin: auto;\n\t\t\t\t}\n\t\t\t\t#gallery-1 .gallery-item {\n\t\t\t\t\tfloat: left;\n\t\t\t\t\tmargin-top: 10px;\n\t\t\t\t\ttext-align: center;\n\t\t\t\t\twidth: 25%;\n\t\t\t\t}\n\t\t\t\t#gallery-1 img {\n\t\t\t\t\tborder: 2px solid #cfcfcf;\n\t\t\t\t}\n\t\t\t\t#gallery-1 .gallery-caption {\n\t\t\t\t\tmargin-left: 0;\n\t\t\t\t}\n\t\t\t\t\/* see gallery_shortcode() in wp-includes\/media.php *\/\n\t\t\t<\/style>\n\t\t<div id='gallery-1' class='dt-gallery-container gallery galleryid-20904 gallery-columns-4 gallery-size-thumbnail'><dl class='gallery-item'>\n\t\t\t\t<dt class='gallery-icon landscape'>\n\t\t\t\t\t<a class=\"rollover\" href='https:\/\/www.adufpb.org.br\/site\/comunidade-academica-da-ufpb-inicia-discussao-do-future-se\/img_20190722_160048386\/'><img loading=\"lazy\" decoding=\"async\" width=\"150\" height=\"150\" src=\"https:\/\/www.adufpb.org.br\/site\/wp-content\/uploads\/2019\/07\/IMG_20190722_160048386-150x150.jpg\" class=\"attachment-thumbnail size-thumbnail\" alt=\"\" \/><\/a>\n\t\t\t\t<\/dt><\/dl><dl class='gallery-item'>\n\t\t\t\t<dt class='gallery-icon landscape'>\n\t\t\t\t\t<a class=\"rollover\" href='https:\/\/www.adufpb.org.br\/site\/comunidade-academica-da-ufpb-inicia-discussao-do-future-se\/img_9671\/'><img loading=\"lazy\" decoding=\"async\" width=\"150\" height=\"150\" src=\"https:\/\/www.adufpb.org.br\/site\/wp-content\/uploads\/2019\/07\/IMG_9671-150x150.jpg\" class=\"attachment-thumbnail size-thumbnail\" alt=\"\" aria-describedby=\"gallery-1-20905\" \/><\/a>\n\t\t\t\t<\/dt>\n\t\t\t\t\t<dd class='wp-caption-text gallery-caption' id='gallery-1-20905'>\n\t\t\t\t\tReitora explicou o programa Future-se aos presentes\n\t\t\t\t\t<\/dd><\/dl><dl class='gallery-item'>\n\t\t\t\t<dt class='gallery-icon landscape'>\n\t\t\t\t\t<a class=\"rollover\" href='https:\/\/www.adufpb.org.br\/site\/comunidade-academica-da-ufpb-inicia-discussao-do-future-se\/img_9678\/'><img loading=\"lazy\" decoding=\"async\" width=\"150\" height=\"150\" src=\"https:\/\/www.adufpb.org.br\/site\/wp-content\/uploads\/2019\/07\/IMG_9678-150x150.jpg\" class=\"attachment-thumbnail size-thumbnail\" alt=\"\" aria-describedby=\"gallery-1-20906\" \/><\/a>\n\t\t\t\t<\/dt>\n\t\t\t\t\t<dd class='wp-caption-text gallery-caption' id='gallery-1-20906'>\n\t\t\t\t\tCristiano Bonneau alertou para os perigos que a &#8220;monetariza\u00e7\u00e3o&#8221; dos campi trazem \u00e0 sociedade\n\t\t\t\t\t<\/dd><\/dl><dl class='gallery-item'>\n\t\t\t\t<dt class='gallery-icon landscape'>\n\t\t\t\t\t<a class=\"rollover\" href='https:\/\/www.adufpb.org.br\/site\/comunidade-academica-da-ufpb-inicia-discussao-do-future-se\/img_9681\/'><img loading=\"lazy\" decoding=\"async\" width=\"150\" height=\"150\" src=\"https:\/\/www.adufpb.org.br\/site\/wp-content\/uploads\/2019\/07\/IMG_9681-150x150.jpg\" class=\"attachment-thumbnail size-thumbnail\" alt=\"\" aria-describedby=\"gallery-1-20907\" \/><\/a>\n\t\t\t\t<\/dt>\n\t\t\t\t\t<dd class='wp-caption-text gallery-caption' id='gallery-1-20907'>\n\t\t\t\t\tProfessores, alunos e servidores acompanharam atenciosamente ao in\u00edcio das discuss\u00f5es sobre o programa do governo Bolsonaro\n\t\t\t\t\t<\/dd><\/dl><br style=\"clear: both\" \/><dl class='gallery-item'>\n\t\t\t\t<dt class='gallery-icon landscape'>\n\t\t\t\t\t<a class=\"rollover\" href='https:\/\/www.adufpb.org.br\/site\/comunidade-academica-da-ufpb-inicia-discussao-do-future-se\/img_9654\/'><img loading=\"lazy\" decoding=\"async\" width=\"150\" height=\"150\" src=\"https:\/\/www.adufpb.org.br\/site\/wp-content\/uploads\/2019\/07\/IMG_9654-150x150.jpg\" class=\"attachment-thumbnail size-thumbnail\" alt=\"\" \/><\/a>\n\t\t\t\t<\/dt><\/dl><dl class='gallery-item'>\n\t\t\t\t<dt class='gallery-icon landscape'>\n\t\t\t\t\t<a class=\"rollover\" href='https:\/\/www.adufpb.org.br\/site\/comunidade-academica-da-ufpb-inicia-discussao-do-future-se\/img_9655\/'><img loading=\"lazy\" decoding=\"async\" width=\"150\" height=\"150\" src=\"https:\/\/www.adufpb.org.br\/site\/wp-content\/uploads\/2019\/07\/IMG_9655-150x150.jpg\" class=\"attachment-thumbnail size-thumbnail\" alt=\"\" \/><\/a>\n\t\t\t\t<\/dt><\/dl><dl class='gallery-item'>\n\t\t\t\t<dt class='gallery-icon landscape'>\n\t\t\t\t\t<a class=\"rollover\" href='https:\/\/www.adufpb.org.br\/site\/comunidade-academica-da-ufpb-inicia-discussao-do-future-se\/img_9659\/'><img loading=\"lazy\" decoding=\"async\" width=\"150\" height=\"150\" src=\"https:\/\/www.adufpb.org.br\/site\/wp-content\/uploads\/2019\/07\/IMG_9659-150x150.jpg\" class=\"attachment-thumbnail size-thumbnail\" alt=\"\" aria-describedby=\"gallery-1-20917\" \/><\/a>\n\t\t\t\t<\/dt>\n\t\t\t\t\t<dd class='wp-caption-text gallery-caption' id='gallery-1-20917'>\n\t\t\t\t\tProfessores, servidores e estudantes lotaram a assembleia universit\u00e1ria na UFPB, no dia 22\/7\n\t\t\t\t\t<\/dd><\/dl><dl class='gallery-item'>\n\t\t\t\t<dt class='gallery-icon landscape'>\n\t\t\t\t\t<a class=\"rollover\" href='https:\/\/www.adufpb.org.br\/site\/comunidade-academica-da-ufpb-inicia-discussao-do-future-se\/img_9661\/'><img loading=\"lazy\" decoding=\"async\" width=\"150\" height=\"150\" src=\"https:\/\/www.adufpb.org.br\/site\/wp-content\/uploads\/2019\/07\/IMG_9661-150x150.jpg\" class=\"attachment-thumbnail size-thumbnail\" alt=\"\" \/><\/a>\n\t\t\t\t<\/dt><\/dl><br style=\"clear: both\" \/><dl class='gallery-item'>\n\t\t\t\t<dt class='gallery-icon landscape'>\n\t\t\t\t\t<a class=\"rollover\" href='https:\/\/www.adufpb.org.br\/site\/comunidade-academica-da-ufpb-inicia-discussao-do-future-se\/img_9664\/'><img loading=\"lazy\" decoding=\"async\" width=\"150\" height=\"150\" src=\"https:\/\/www.adufpb.org.br\/site\/wp-content\/uploads\/2019\/07\/IMG_9664-150x150.jpg\" class=\"attachment-thumbnail size-thumbnail\" alt=\"\" \/><\/a>\n\t\t\t\t<\/dt><\/dl><dl class='gallery-item'>\n\t\t\t\t<dt class='gallery-icon landscape'>\n\t\t\t\t\t<a class=\"rollover\" href='https:\/\/www.adufpb.org.br\/site\/comunidade-academica-da-ufpb-inicia-discussao-do-future-se\/img_9670\/'><img loading=\"lazy\" decoding=\"async\" width=\"150\" height=\"150\" src=\"https:\/\/www.adufpb.org.br\/site\/wp-content\/uploads\/2019\/07\/IMG_9670-150x150.jpg\" class=\"attachment-thumbnail size-thumbnail\" alt=\"\" \/><\/a>\n\t\t\t\t<\/dt><\/dl><dl class='gallery-item'>\n\t\t\t\t<dt class='gallery-icon landscape'>\n\t\t\t\t\t<a class=\"rollover\" href='https:\/\/www.adufpb.org.br\/site\/comunidade-academica-da-ufpb-inicia-discussao-do-future-se\/img_9678-2\/'><img loading=\"lazy\" decoding=\"async\" width=\"150\" height=\"150\" src=\"https:\/\/www.adufpb.org.br\/site\/wp-content\/uploads\/2019\/07\/IMG_96781-150x150.jpg\" class=\"attachment-thumbnail size-thumbnail\" alt=\"\" \/><\/a>\n\t\t\t\t<\/dt><\/dl><dl class='gallery-item'>\n\t\t\t\t<dt class='gallery-icon landscape'>\n\t\t\t\t\t<a class=\"rollover\" href='https:\/\/www.adufpb.org.br\/site\/comunidade-academica-da-ufpb-inicia-discussao-do-future-se\/img_9689\/'><img loading=\"lazy\" decoding=\"async\" width=\"150\" height=\"150\" src=\"https:\/\/www.adufpb.org.br\/site\/wp-content\/uploads\/2019\/07\/IMG_9689-150x150.jpg\" class=\"attachment-thumbnail size-thumbnail\" alt=\"\" \/><\/a>\n\t\t\t\t<\/dt><\/dl><br style=\"clear: both\" \/>\n\t\t\t<\/div>\n\n<p>Fonte: ASCOM ADUFPB<\/p>\n<p>Acompanhe a ADUFPB nas redes sociais:<br \/>\n<a href=\"https:\/\/www.instagram.com\/adufpboficial\/\" target=\"_blank\"> www.instagram.com\/adufpboficial\/<\/a><\/p>\n","protected":false},"excerpt":{"rendered":"<p>A comunidade acad\u00eamica da universidade Federal da Para\u00edba (UFPB) iniciou o processo de discuss\u00e3o do projeto Future-se, do governo Bolsonaro, na tarde desta segunda-feira (22\/07) com uma assembleia geral no Centro de Viv\u00eancia do campus I, em Jo\u00e3o Pessoa. O espa\u00e7o foi totalmente ocupado por estudantes, professores e t\u00e9cnico-administrativos. A reitora Margareth Diniz, que convocou&hellip;<\/p>\n","protected":false},"author":8,"featured_media":20910,"comment_status":"closed","ping_status":"closed","sticky":false,"template":"","format":"standard","meta":{"footnotes":""},"categories":[15,417],"tags":[895,816,1264,998],"class_list":["post-20904","post","type-post","status-publish","format-standard","has-post-thumbnail","hentry","category-noticias","category-noticias-destaque","tag-adufpb-2","tag-assembleia","tag-future-se","tag-ufpb","category-15","category-417","description-off"],"_links":{"self":[{"href":"https:\/\/www.adufpb.org.br\/site\/wp-json\/wp\/v2\/posts\/20904","targetHints":{"allow":["GET"]}}],"collection":[{"href":"https:\/\/www.adufpb.org.br\/site\/wp-json\/wp\/v2\/posts"}],"about":[{"href":"https:\/\/www.adufpb.org.br\/site\/wp-json\/wp\/v2\/types\/post"}],"author":[{"embeddable":true,"href":"https:\/\/www.adufpb.org.br\/site\/wp-json\/wp\/v2\/users\/8"}],"replies":[{"embeddable":true,"href":"https:\/\/www.adufpb.org.br\/site\/wp-json\/wp\/v2\/comments?post=20904"}],"version-history":[{"count":6,"href":"https:\/\/www.adufpb.org.br\/site\/wp-json\/wp\/v2\/posts\/20904\/revisions"}],"predecessor-version":[{"id":20923,"href":"https:\/\/www.adufpb.org.br\/site\/wp-json\/wp\/v2\/posts\/20904\/revisions\/20923"}],"wp:featuredmedia":[{"embeddable":true,"href":"https:\/\/www.adufpb.org.br\/site\/wp-json\/wp\/v2\/media\/20910"}],"wp:attachment":[{"href":"https:\/\/www.adufpb.org.br\/site\/wp-json\/wp\/v2\/media?parent=20904"}],"wp:term":[{"taxonomy":"category","embeddable":true,"href":"https:\/\/www.adufpb.org.br\/site\/wp-json\/wp\/v2\/categories?post=20904"},{"taxonomy":"post_tag","embeddable":true,"href":"https:\/\/www.adufpb.org.br\/site\/wp-json\/wp\/v2\/tags?post=20904"}],"curies":[{"name":"wp","href":"https:\/\/api.w.org\/{rel}","templated":true}]}}