{"id":20863,"date":"2019-07-18T12:45:16","date_gmt":"2019-07-18T15:45:16","guid":{"rendered":"http:\/\/www.adufpb.org.br\/site\/?p=20863"},"modified":"2019-07-19T12:08:30","modified_gmt":"2019-07-19T15:08:30","slug":"adufpb-promove-reunioes-nos-centros-de-ensino-para-debater-previdencia-e-programa-future-se","status":"publish","type":"post","link":"https:\/\/www.adufpb.org.br\/site\/adufpb-promove-reunioes-nos-centros-de-ensino-para-debater-previdencia-e-programa-future-se\/","title":{"rendered":"ADUFPB promove reuni\u00f5es nos centros de ensino para debater reforma da Previd\u00eancia e programa Future-se"},"content":{"rendered":"<p dir=\"ltr\">A ADUFPB est\u00e1 organizando uma nova rodada de reuni\u00f5es e debates nos centros de ensino da UFPB com a proposta de mobilizar a categoria e levar informa\u00e7\u00f5es atualizadas sobre a reforma da Previd\u00eancia e o programa Future-se, proposto pelo Minist\u00e9rio da Educa\u00e7\u00e3o. A primeira atividade acontecer\u00e1 no Centro de Ci\u00eancias Exatas e da Natureza (CCEN), na pr\u00f3xima ter\u00e7a-feira (23\/7), \u00e0s 10h, no audit\u00f3rio localizado no andar t\u00e9rreo do bloco administrativo.<\/p>\n<p dir=\"ltr\">O segundo encontro tamb\u00e9m j\u00e1 est\u00e1 marcado e acontecer\u00e1 na quarta-feira, 24\/7, no Centro de Ci\u00eancias da Sa\u00fade (CCS), em Jo\u00e3o Pessoa. A reuni\u00e3o est\u00e1 marcada para 10h e acontecer\u00e1 no audit\u00f3rio de Fonoaudiologia.<\/p>\n<p dir=\"ltr\">Um dos temas em debate ser\u00e1 o programa Future-se, que foi apresentado pelo ministro da Educa\u00e7\u00e3o, Abraham Weintraub, na \u00faltima quarta-feira (17\/7). A proposta \u00e9 criar um fundo de natureza privada, com cotas negociadas na Bolsa de Valores, para financiar as universidades e institutos federais. Segundo o governo, o projeto ser\u00e1 colocado em consulta p\u00fablica pela internet at\u00e9 o dia 7 de agosto.<\/p>\n<p dir=\"ltr\">Para o vice-presidente da ADUFPB, Fernando Cunha, numa primeira an\u00e1lise, o programa Future-se \u00e9 mais um \u201ccavalo de Tr\u00f3ia\u201d que, se aprovado e implementado, ir\u00e1 destruir parte significativa da estrutura acad\u00eamica universit\u00e1ria brasileira.<\/p>\n<p dir=\"ltr\">\u201cO programa tem como objetivo garantir a autonomia administrativa e financeira das universidade, por\u00e9m a primeira a\u00e7\u00e3o a se tomar \u00e9 tirar das m\u00e3os dos gestores das IFES sua autonomia financeira e patrimonial, pois, com a cria\u00e7\u00e3o do comit\u00ea gestor e a entrada das OS [Organiza\u00e7\u00f5es Sociais] na administra\u00e7\u00e3o, as atividades ser\u00e3o geridas agora a partir das metas e objetivos do programa, que orienta o comit\u00ea gestor e as OS para o processo de privatiza\u00e7\u00e3o das universidades\u201d, afirma Fernando Cunha.<\/p>\n<p dir=\"ltr\"><strong>Reforma da Previd\u00eancia<\/strong><\/p>\n<p dir=\"ltr\">Outro tema que ser\u00e1 debatido nas reuni\u00f5es da ADUFPB nos centros de ensino \u00e9 o projeto de reforma da Previd\u00eancia. Aprovado em primeiro turno no dia 10 de julho. O segundo turno de vota\u00e7\u00e3o ocorrer\u00e1 em 6 de agosto, ap\u00f3s o fim do recesso parlamentar. Conclu\u00edda a vota\u00e7\u00e3o na C\u00e2mara, o texto segue para o Senado Federal. O presidente da C\u00e2mara, Rodrigo Maia, acredita que o texto chegue aos senados at\u00e9 9 de agosto.<\/p>\n<p dir=\"ltr\">Se aprovarem o texto sem altera\u00e7\u00e3o, o projeto \u00e9 promulgado pelo Congresso e se torna emenda \u00e0 Constitui\u00e7\u00e3o. Se houver modifica\u00e7\u00e3o, ele volta \u00e0 C\u00e2mara para ser mais uma vez analisado.<\/p>\n<p dir=\"ltr\">A ADUFPB est\u00e1 elaborando uma s\u00e9rie de an\u00e1lises sobre os principais pontos do projeto e das emendas aprovados at\u00e9 o momento. Esses textos ser\u00e3o publicados em boletins especiais nos pr\u00f3ximos dias. O primeiro deles vai tratar sobre o confisco nos sal\u00e1rios e aposentadorias com a mudan\u00e7a nas regras das al\u00edquotas de contribui\u00e7\u00e3o.<\/p>\n<p dir=\"ltr\">De acordo com o documento, a reforma prev\u00ea a aplica\u00e7\u00e3o, sob os servidores p\u00fablicos federais ativos, aposentados e pensionistas, de uma al\u00edquota extraordin\u00e1ria. Desta forma, ningu\u00e9m ficar\u00e1 de fora dessa mudan\u00e7a. Todos ir\u00e3o sofrer as consequ\u00eancias da medida, que, inclusive, n\u00e3o tem nenhum regramento no texto base e ficar\u00e1 subordinada \u00e0s avalia\u00e7\u00f5es e necessidades no governo federal.<\/p>\n<p dir=\"ltr\">\n<table border=\"0\">\n<tbody>\n<tr>\n<td>\n<p dir=\"ltr\"><strong>AGENDE-SE<\/strong><\/p>\n<p dir=\"ltr\"><strong>Rodada de reuni\u00f5es da ADUFPB nos centros de ensino<\/strong><\/p>\n<p><em>Dia 23\/7 &#8211; ter\u00e7a-feira<\/em><br \/>\n&#8211; CCEN &#8211; 10h, audit\u00f3rio do andar t\u00e9rreo no bloco administrativo<\/p>\n<p><em>Dia 24\/7 &#8211; quarta-feira<\/em><br \/>\n&#8211; CCS &#8211; 10h, no audit\u00f3rio de Fonoaudiologia<\/td>\n<\/tr>\n<\/tbody>\n<\/table>\n<p dir=\"ltr\">\n<p dir=\"ltr\"><em>Fonte: Ascom ADUFPB<\/em><\/p>\n","protected":false},"excerpt":{"rendered":"<p>A ADUFPB est\u00e1 organizando uma nova rodada de reuni\u00f5es e debates nos centros de ensino da UFPB com a proposta de mobilizar a categoria e levar informa\u00e7\u00f5es atualizadas sobre a reforma da Previd\u00eancia e o programa Future-se, proposto pelo Minist\u00e9rio da Educa\u00e7\u00e3o. A primeira atividade acontecer\u00e1 no Centro de Ci\u00eancias Exatas e da Natureza (CCEN),&hellip;<\/p>\n","protected":false},"author":3,"featured_media":20864,"comment_status":"closed","ping_status":"closed","sticky":false,"template":"","format":"standard","meta":{"footnotes":""},"categories":[15,417],"tags":[1264,294,559],"class_list":["post-20863","post","type-post","status-publish","format-standard","has-post-thumbnail","hentry","category-noticias","category-noticias-destaque","tag-future-se","tag-reforma-da-previdencia","tag-reunioes","category-15","category-417","description-off"],"_links":{"self":[{"href":"https:\/\/www.adufpb.org.br\/site\/wp-json\/wp\/v2\/posts\/20863","targetHints":{"allow":["GET"]}}],"collection":[{"href":"https:\/\/www.adufpb.org.br\/site\/wp-json\/wp\/v2\/posts"}],"about":[{"href":"https:\/\/www.adufpb.org.br\/site\/wp-json\/wp\/v2\/types\/post"}],"author":[{"embeddable":true,"href":"https:\/\/www.adufpb.org.br\/site\/wp-json\/wp\/v2\/users\/3"}],"replies":[{"embeddable":true,"href":"https:\/\/www.adufpb.org.br\/site\/wp-json\/wp\/v2\/comments?post=20863"}],"version-history":[{"count":9,"href":"https:\/\/www.adufpb.org.br\/site\/wp-json\/wp\/v2\/posts\/20863\/revisions"}],"predecessor-version":[{"id":20869,"href":"https:\/\/www.adufpb.org.br\/site\/wp-json\/wp\/v2\/posts\/20863\/revisions\/20869"}],"wp:featuredmedia":[{"embeddable":true,"href":"https:\/\/www.adufpb.org.br\/site\/wp-json\/wp\/v2\/media\/20864"}],"wp:attachment":[{"href":"https:\/\/www.adufpb.org.br\/site\/wp-json\/wp\/v2\/media?parent=20863"}],"wp:term":[{"taxonomy":"category","embeddable":true,"href":"https:\/\/www.adufpb.org.br\/site\/wp-json\/wp\/v2\/categories?post=20863"},{"taxonomy":"post_tag","embeddable":true,"href":"https:\/\/www.adufpb.org.br\/site\/wp-json\/wp\/v2\/tags?post=20863"}],"curies":[{"name":"wp","href":"https:\/\/api.w.org\/{rel}","templated":true}]}}