{"id":20804,"date":"2019-07-12T17:20:36","date_gmt":"2019-07-12T20:20:36","guid":{"rendered":"http:\/\/www.adufpb.org.br\/site\/?p=20804"},"modified":"2019-07-12T17:20:36","modified_gmt":"2019-07-12T20:20:36","slug":"64o-conad-do-andes-sn-comeca-em-brasilia","status":"publish","type":"post","link":"https:\/\/www.adufpb.org.br\/site\/64o-conad-do-andes-sn-comeca-em-brasilia\/","title":{"rendered":"64\u00ba Conad do ANDES-SN come\u00e7a em Bras\u00edlia"},"content":{"rendered":"<p>O 64\u00ba Conselho do Sindicato Nacional dos Docentes de Institui\u00e7\u00f5es de Ensino Superior (ANDES-SN) teve in\u00edcio na manh\u00e3 desta quinta-feira, 11, na sede da Associa\u00e7\u00e3o dos Docentes da Universidade de Bras\u00edlia (Adunb). Com o &#8220;Em defesa da educa\u00e7\u00e3o p\u00fablica, dos direitos sociais e das liberdades democr\u00e1ticas&#8221;, a abertura foi marcada por discursos que reafirmaram as necessidades de ampliar a luta pelos direitos sociais, diante dos acirrados ataques \u00e0 educa\u00e7\u00e3o e \u00e0 previd\u00eancia social.<\/p>\n<p>Ao declarar a abertura do evento, Antonio Gon\u00e7alves, presidente do ANDES-SN, destacou os principais objetivos do Conad, que \u00e9 realizado em uma conjuntura de ataques e desmonte dos direitos sociais. \u201cO motivo principal de estarmos aqui \u00e9 pensar a pol\u00edtica do sindicato em um momento em que a extrema direita, que est\u00e1 atacando fortemente a nossa classe, governa o pa\u00eds. O Andes-SN tem se mantido firme, na luta e na dire\u00e7\u00e3o correta contra a MP 873, contra os contingenciamentos e todos os ataques que est\u00e3o sendo realizados por esse governo. Temos muitas tarefas aqui pois a classe trabalhadora n\u00e3o aguenta mais trai\u00e7\u00e3o e tampouco aguenta ter os direitos colocados na mesa, para servir de barganha nessa disputa\u2019\u2019, iniciou Antonio, lembrando que o Conad tamb\u00e9m traz para os presentes a fun\u00e7\u00e3o de fazer aprecia\u00e7\u00e3o das contas, finan\u00e7as e balan\u00e7o do \u00faltimo per\u00edodo e, assim, atualizar o plano de lutas da institui\u00e7\u00e3o.<\/p>\n<p>Lu\u00eds Ant\u00f4nio Pasquetti, anfitri\u00e3o do evento e presidente da Adunb, explicou que a import\u00e2ncia central do 64\u00ba Conad \u00e9 o debate do grave momento vivido pelo trabalhador. \u201cA educa\u00e7\u00e3o p\u00fablica brasileira tem sofrido ataques contundentes desde o in\u00edcio do governo. O 64\u00ba Conad \u00e9 um momento simb\u00f3lico pois estamos acumulando articula\u00e7\u00f5es e resistindo a esses ataques. Esse encontro nos anima no sentido de reafirmar a luta do movimento sindical\u201d, afirmou Pasquetti.<\/p>\n<p>Paulo C\u00e9sar Marques, representante da reitoria da UnB, pontuou a alegria em voltar a sediar um evento do ANDES-SN. \u201cQuero manifestar a alegria de ver a Adunb sediar um evento do ANDES Sindicato Nacional. A Adunb \u00e9 o sindicato e o sindicato \u00e9 a Adunb. A realiza\u00e7\u00e3o desse Conad aqui reveste-se de uma import\u00e2ncia singular para a atual situa\u00e7\u00e3o. Fazer a atualiza\u00e7\u00e3o do plano de lutas neste encontro em Bras\u00edlia, fortalece a nossa alian\u00e7a e nos d\u00e1 mais for\u00e7a para seguir\u2019\u2019, disse.<\/p>\n<p>Maur\u00edcio Alves da Silva, 1\u00ba vice-presidente da Regional Pantanal, lembrou que as delibera\u00e7\u00f5es do Conad v\u00e3o nortear as lutas da categoria. \u201cN\u00f3s precisamos saber para onde vamos. Esperamos sair daqui com um apontamento para seguirmos neste momento t\u00e3o dif\u00edcil para a classe trabalhadora. Estamos juntos em defesa da educa\u00e7\u00e3o p\u00fablica, dos direitos sociais e da liberdade democr\u00e1tica, que \u00e9 o tema central desse Conad\u201d.<\/p>\n<p>E o grave momento vivido pelo trabalhador brasileiro tamb\u00e9m foi destaque na fala de Rosilene Corr\u00eaa, da Confedera\u00e7\u00e3o Nacional dos Trabalhadores da Educa\u00e7\u00e3o (CNTE). \u201cEstamos em uma fase acirrada da nossa pol\u00edtica. Com a aprova\u00e7\u00e3o, em primeiro turno, da Reforma que vai incidir sobre todos os trabalhadores e trabalhadoras, as condi\u00e7\u00f5es de trabalho nas universidades p\u00fablicas ser\u00e1 ainda mais deterioradas e, consequentemente, as condi\u00e7\u00f5es do ensino ser\u00e3o prejudicadas\u2019\u2019, enfatizou.<\/p>\n<p>Paulo Barela, representante da CSP-Conlutas, abordou o grave momento enfrentado pelos trabalhadores e trabalhadoras e principalmente pelos profissionais da educa\u00e7\u00e3o que sofrem as consequ\u00eancias de um governo de extrema direita. \u201cJuntos, a partir dos debates feitos aqui, estamos construindo condi\u00e7\u00f5es necess\u00e1rias junto \u00e0 classe trabalhadora, para acabar com os interesses da burguesia \u201c, falou Barela, refor\u00e7ando a import\u00e2ncia da luta e da imediata necessidade de constru\u00e7\u00e3o de uma nova greve geral no pa\u00eds.<\/p>\n<p><strong>Composi\u00e7\u00e3o da Mesa<\/strong><\/p>\n<p>A mesa da plen\u00e1ria de abertura foi composta pelos seguintes: Antonio Gon\u00e7alves \u2013 Presidente do ANDES-SN; Eblin Faragi \u2013 Secret\u00e1ria-geral do ANDES-SN; Raquel Dias \u2013 1\u00aa tesoureira do ANDES-SN; Maur\u00edcio Alves da Silva \u2013 1\u00ba vice-presidente da Regional Pantanal; Al\u00e9m do presidente da Adunb &#8211; Luis Ant\u00f4nio Pasquetti, Paulo Cesar Marques \u2013 representante da Reitoria da UnB; Paulo Barela \u2013 representante da CSP-Conlutas; Fernando Maranh\u00e3o \u2013 representante da Fasubra; Davi Lob\u00e3o \u2013 representante do SINASEFE; Daniela Neves \u2013 representante da CEFEs; Paulo Lino \u2013 SINAL; Adriana Melo \u2013 representando a ANPAE; Rosilene Corr\u00eaa \u2013 representante da CNTE e Lima, representando o SINDFUB.<\/p>\n<p><em>FONTE: ANDES-SN<\/em><\/p>\n","protected":false},"excerpt":{"rendered":"<p>O 64\u00ba Conselho do Sindicato Nacional dos Docentes de Institui\u00e7\u00f5es de Ensino Superior (ANDES-SN) teve in\u00edcio na manh\u00e3 desta quinta-feira, 11, na sede da Associa\u00e7\u00e3o dos Docentes da Universidade de Bras\u00edlia (Adunb). Com o &#8220;Em defesa da educa\u00e7\u00e3o p\u00fablica, dos direitos sociais e das liberdades democr\u00e1ticas&#8221;, a abertura foi marcada por discursos que reafirmaram as&hellip;<\/p>\n","protected":false},"author":8,"featured_media":0,"comment_status":"closed","ping_status":"closed","sticky":false,"template":"","format":"standard","meta":{"footnotes":""},"categories":[15],"tags":[895,92,164],"class_list":["post-20804","post","type-post","status-publish","format-standard","hentry","category-noticias","tag-adufpb-2","tag-andes","tag-conad","category-15","description-off"],"_links":{"self":[{"href":"https:\/\/www.adufpb.org.br\/site\/wp-json\/wp\/v2\/posts\/20804","targetHints":{"allow":["GET"]}}],"collection":[{"href":"https:\/\/www.adufpb.org.br\/site\/wp-json\/wp\/v2\/posts"}],"about":[{"href":"https:\/\/www.adufpb.org.br\/site\/wp-json\/wp\/v2\/types\/post"}],"author":[{"embeddable":true,"href":"https:\/\/www.adufpb.org.br\/site\/wp-json\/wp\/v2\/users\/8"}],"replies":[{"embeddable":true,"href":"https:\/\/www.adufpb.org.br\/site\/wp-json\/wp\/v2\/comments?post=20804"}],"version-history":[{"count":1,"href":"https:\/\/www.adufpb.org.br\/site\/wp-json\/wp\/v2\/posts\/20804\/revisions"}],"predecessor-version":[{"id":20805,"href":"https:\/\/www.adufpb.org.br\/site\/wp-json\/wp\/v2\/posts\/20804\/revisions\/20805"}],"wp:attachment":[{"href":"https:\/\/www.adufpb.org.br\/site\/wp-json\/wp\/v2\/media?parent=20804"}],"wp:term":[{"taxonomy":"category","embeddable":true,"href":"https:\/\/www.adufpb.org.br\/site\/wp-json\/wp\/v2\/categories?post=20804"},{"taxonomy":"post_tag","embeddable":true,"href":"https:\/\/www.adufpb.org.br\/site\/wp-json\/wp\/v2\/tags?post=20804"}],"curies":[{"name":"wp","href":"https:\/\/api.w.org\/{rel}","templated":true}]}}