{"id":20783,"date":"2019-07-10T12:11:16","date_gmt":"2019-07-10T15:11:16","guid":{"rendered":"http:\/\/www.adufpb.org.br\/site\/?p=20783"},"modified":"2019-07-10T12:11:16","modified_gmt":"2019-07-10T15:11:16","slug":"nota-de-pesar-98","status":"publish","type":"post","link":"https:\/\/www.adufpb.org.br\/site\/nota-de-pesar-98\/","title":{"rendered":"NOTA DE PESAR"},"content":{"rendered":"<p><a href=\"http:\/\/www.adufpb.org.br\/site\/wp-content\/uploads\/2019\/07\/m\u00e1rcia-kaplan-4.jpg\"><img loading=\"lazy\" decoding=\"async\" class=\"aligncenter size-full wp-image-20787\" alt=\"m\u00e1rcia kaplan 4\" src=\"http:\/\/www.adufpb.org.br\/site\/wp-content\/uploads\/2019\/07\/m\u00e1rcia-kaplan-4.jpg\" width=\"785\" height=\"291\" srcset=\"https:\/\/www.adufpb.org.br\/site\/wp-content\/uploads\/2019\/07\/m\u00e1rcia-kaplan-4.jpg 785w, https:\/\/www.adufpb.org.br\/site\/wp-content\/uploads\/2019\/07\/m\u00e1rcia-kaplan-4-300x111.jpg 300w\" sizes=\"auto, (max-width: 785px) 100vw, 785px\" \/><\/a><\/p>\n<p><span style=\"font-size: medium;\">A Diretoria Executiva da ADUFPB vem a p\u00fablico manifestar o seu profundo pesar pelo falecimento, ocorrido no dia 10 de julho de 2019, de\u00a0<b>M\u00c1RCIA STEINBACH SILVA KAPLAN<\/b>, professora aposentada do Departamento de Habilita\u00e7\u00e3o Pedag\u00f3gica, do Centro de Educa\u00e7\u00e3o, da Universidade Federal da Para\u00edba.<\/span><\/p>\n<p><span style=\"font-size: medium;\">A professora\u00a0<b>M\u00c1RCIA KAPLAN\u00a0<\/b>\u00e9 sindicalizada da ADUFPB desde o ano de 1982, tendo ocupado o cargo de Secret\u00e1ria Geral da\u00a0<b>7\u00aa Diretoria Executiva, Gest\u00e3o 1984\/1985, \u201cAvan\u00e7ando a Luta\u201d.<\/b>\u00a0Aos membros da fam\u00edlia e amigos, nossos sentimentos.<\/span><\/p>\n<p><span style=\"font-size: medium;\">\u00a0<\/span><\/p>\n<p style=\"text-align: center;\" align=\"right\"><span style=\"font-size: medium;\">Jo\u00e3o Pessoa, 10 de julho de 2019.<\/span><\/p>\n<p style=\"text-align: center;\" align=\"right\"><span style=\"font-size: medium;\"><b>Diretoria e Funcion\u00e1rios da ADUFPB<\/b><b><\/b><\/span><\/p>\n<p><span style=\"font-size: medium;\"><b>\u00a0<\/b><\/span><\/p>\n","protected":false},"excerpt":{"rendered":"<p>A Diretoria Executiva da ADUFPB vem a p\u00fablico manifestar o seu profundo pesar pelo falecimento, ocorrido no dia 10 de julho de 2019, de\u00a0M\u00c1RCIA STEINBACH SILVA KAPLAN, professora aposentada do Departamento de Habilita\u00e7\u00e3o Pedag\u00f3gica, do Centro de Educa\u00e7\u00e3o, da Universidade Federal da Para\u00edba. A professora\u00a0M\u00c1RCIA KAPLAN\u00a0\u00e9 sindicalizada da ADUFPB desde o ano de 1982, tendo&hellip;<\/p>\n","protected":false},"author":3,"featured_media":0,"comment_status":"closed","ping_status":"closed","sticky":false,"template":"","format":"standard","meta":{"footnotes":""},"categories":[15],"tags":[],"class_list":["post-20783","post","type-post","status-publish","format-standard","hentry","category-noticias","category-15","description-off"],"_links":{"self":[{"href":"https:\/\/www.adufpb.org.br\/site\/wp-json\/wp\/v2\/posts\/20783","targetHints":{"allow":["GET"]}}],"collection":[{"href":"https:\/\/www.adufpb.org.br\/site\/wp-json\/wp\/v2\/posts"}],"about":[{"href":"https:\/\/www.adufpb.org.br\/site\/wp-json\/wp\/v2\/types\/post"}],"author":[{"embeddable":true,"href":"https:\/\/www.adufpb.org.br\/site\/wp-json\/wp\/v2\/users\/3"}],"replies":[{"embeddable":true,"href":"https:\/\/www.adufpb.org.br\/site\/wp-json\/wp\/v2\/comments?post=20783"}],"version-history":[{"count":2,"href":"https:\/\/www.adufpb.org.br\/site\/wp-json\/wp\/v2\/posts\/20783\/revisions"}],"predecessor-version":[{"id":20789,"href":"https:\/\/www.adufpb.org.br\/site\/wp-json\/wp\/v2\/posts\/20783\/revisions\/20789"}],"wp:attachment":[{"href":"https:\/\/www.adufpb.org.br\/site\/wp-json\/wp\/v2\/media?parent=20783"}],"wp:term":[{"taxonomy":"category","embeddable":true,"href":"https:\/\/www.adufpb.org.br\/site\/wp-json\/wp\/v2\/categories?post=20783"},{"taxonomy":"post_tag","embeddable":true,"href":"https:\/\/www.adufpb.org.br\/site\/wp-json\/wp\/v2\/tags?post=20783"}],"curies":[{"name":"wp","href":"https:\/\/api.w.org\/{rel}","templated":true}]}}