{"id":20774,"date":"2019-07-08T12:45:15","date_gmt":"2019-07-08T15:45:15","guid":{"rendered":"http:\/\/www.adufpb.org.br\/site\/?p=20774"},"modified":"2019-07-08T12:45:15","modified_gmt":"2019-07-08T15:45:15","slug":"nota-de-pesar-97","status":"publish","type":"post","link":"https:\/\/www.adufpb.org.br\/site\/nota-de-pesar-97\/","title":{"rendered":"NOTA DE PESAR"},"content":{"rendered":"<div lang=\"PT-BR\">\n<p><a href=\"http:\/\/www.adufpb.org.br\/site\/wp-content\/uploads\/2019\/07\/telma-garcia.jpg\"><img loading=\"lazy\" decoding=\"async\" class=\"aligncenter size-medium wp-image-20775\" alt=\"telma garcia\" src=\"http:\/\/www.adufpb.org.br\/site\/wp-content\/uploads\/2019\/07\/telma-garcia-284x300.jpg\" width=\"284\" height=\"300\" srcset=\"https:\/\/www.adufpb.org.br\/site\/wp-content\/uploads\/2019\/07\/telma-garcia-284x300.jpg 284w, https:\/\/www.adufpb.org.br\/site\/wp-content\/uploads\/2019\/07\/telma-garcia.jpg 356w\" sizes=\"auto, (max-width: 284px) 100vw, 284px\" \/><\/a><\/p>\n<p>&nbsp;<\/p>\n<p><span style=\"font-size: medium;\">A Diretoria Executiva da ADUFPB vem a p\u00fablico manifestar o seu profundo pesar pelo falecimento, ocorrido no dia 6 de julho de 2019, de\u00a0<b>TELMA RIBEIRO GARCIA<\/b>, professora aposentada do Departamento de Enfermagem e Sa\u00fade Coletiva, do Centro de Ci\u00eancias da Sa\u00fade, da Universidade Federal da Para\u00edba.<\/span><\/p>\n<p><span style=\"font-size: medium;\">A professora\u00a0<b>TELMA<\/b><b>\u00a0<\/b>\u00e9 sindicalizada da ADUFPB desde o ano de 1993. Aos membros da fam\u00edlia e amigos, nossos sentimentos.<\/span><\/p>\n<p><span style=\"font-size: medium;\">\u00a0<\/span><\/p>\n<p style=\"text-align: center;\" align=\"right\"><span style=\"font-size: medium;\">Jo\u00e3o Pessoa, 8 de julho de 2019.<\/span><\/p>\n<p style=\"text-align: center;\" align=\"right\"><span style=\"font-size: medium;\">Diretoria e Funcion\u00e1rios da ADUFPB<\/span><\/p>\n<p><span style=\"font-size: medium;\">\u00a0<\/span><\/p>\n<\/div>\n","protected":false},"excerpt":{"rendered":"<p>&nbsp; A Diretoria Executiva da ADUFPB vem a p\u00fablico manifestar o seu profundo pesar pelo falecimento, ocorrido no dia 6 de julho de 2019, de\u00a0TELMA RIBEIRO GARCIA, professora aposentada do Departamento de Enfermagem e Sa\u00fade Coletiva, do Centro de Ci\u00eancias da Sa\u00fade, da Universidade Federal da Para\u00edba. A professora\u00a0TELMA\u00a0\u00e9 sindicalizada da ADUFPB desde o ano&hellip;<\/p>\n","protected":false},"author":3,"featured_media":0,"comment_status":"closed","ping_status":"closed","sticky":false,"template":"","format":"standard","meta":{"footnotes":""},"categories":[15],"tags":[],"class_list":["post-20774","post","type-post","status-publish","format-standard","hentry","category-noticias","category-15","description-off"],"_links":{"self":[{"href":"https:\/\/www.adufpb.org.br\/site\/wp-json\/wp\/v2\/posts\/20774","targetHints":{"allow":["GET"]}}],"collection":[{"href":"https:\/\/www.adufpb.org.br\/site\/wp-json\/wp\/v2\/posts"}],"about":[{"href":"https:\/\/www.adufpb.org.br\/site\/wp-json\/wp\/v2\/types\/post"}],"author":[{"embeddable":true,"href":"https:\/\/www.adufpb.org.br\/site\/wp-json\/wp\/v2\/users\/3"}],"replies":[{"embeddable":true,"href":"https:\/\/www.adufpb.org.br\/site\/wp-json\/wp\/v2\/comments?post=20774"}],"version-history":[{"count":1,"href":"https:\/\/www.adufpb.org.br\/site\/wp-json\/wp\/v2\/posts\/20774\/revisions"}],"predecessor-version":[{"id":20776,"href":"https:\/\/www.adufpb.org.br\/site\/wp-json\/wp\/v2\/posts\/20774\/revisions\/20776"}],"wp:attachment":[{"href":"https:\/\/www.adufpb.org.br\/site\/wp-json\/wp\/v2\/media?parent=20774"}],"wp:term":[{"taxonomy":"category","embeddable":true,"href":"https:\/\/www.adufpb.org.br\/site\/wp-json\/wp\/v2\/categories?post=20774"},{"taxonomy":"post_tag","embeddable":true,"href":"https:\/\/www.adufpb.org.br\/site\/wp-json\/wp\/v2\/tags?post=20774"}],"curies":[{"name":"wp","href":"https:\/\/api.w.org\/{rel}","templated":true}]}}