{"id":20765,"date":"2019-07-03T11:55:05","date_gmt":"2019-07-03T14:55:05","guid":{"rendered":"http:\/\/www.adufpb.org.br\/site\/?p=20765"},"modified":"2019-07-03T11:55:05","modified_gmt":"2019-07-03T14:55:05","slug":"andes-sn-participa-de-audiencia-publica-contra-o-corte-de-orcamento-das-universidades-nesta-terca-feira","status":"publish","type":"post","link":"https:\/\/www.adufpb.org.br\/site\/andes-sn-participa-de-audiencia-publica-contra-o-corte-de-orcamento-das-universidades-nesta-terca-feira\/","title":{"rendered":"ANDES-SN participa de Audi\u00eancia P\u00fablica contra o corte de or\u00e7amento das universidades nesta ter\u00e7a-feira"},"content":{"rendered":"<div id=\"noticia-descricao\">\n<p>A Comiss\u00e3o de Educa\u00e7\u00e3o da C\u00e2mara dos Deputados discutiu na manh\u00e3 de ter\u00e7a-feira, 2 de julho, os cortes de 30% das dota\u00e7\u00f5es or\u00e7ament\u00e1rias de institui\u00e7\u00f5es de Ensino Superior, anunciados pelo Minist\u00e9rio da Educa\u00e7\u00e3o em abril deste ano. No total, o corte \u00e9 de R$ 1,7 bilh\u00e3o, o que representa 24,84% dos gastos n\u00e3o obrigat\u00f3rios (discricion\u00e1rios) e 3,43% do or\u00e7amento total das Universidades, Institutos e Cefet.<\/p>\n<p>Desde os cortes em abril deste ano, as institui\u00e7\u00f5es de ensino j\u00e1 sentem a instabilidade por conta dos cortes, que de acordo com o governo afetariam apenas gastos com limpeza, servi\u00e7os de apoio, entre outros, n\u00e3o obrigat\u00f3rios. Al\u00e9m dos 30% do or\u00e7amento, outro ponto que preocupa as entidades educacionais s\u00e3o os cortes das bolsas de estudo de mestrado e doutorado, visto que 90% da produ\u00e7\u00e3o cient\u00edfica brasileira hoje est\u00e3o nas universidades.<\/p>\n<p>O Sindicato Nacional dos Docentes de Institui\u00e7\u00f5es de Ensino Superior (ANDES-SN) esteve na discuss\u00e3o representado pelo presidente, Antonio Gon\u00e7alves. Em sua fala, Antonio destacou pontos importantes para a luta dos movimentos sindicais e a expectativa da popula\u00e7\u00e3o em torno da educa\u00e7\u00e3o brasileira. Al\u00e9m disso, relembrou que atualmente os momentos de crises n\u00e3o est\u00e3o sendo aproveitados para se rever erros, mas como uma forma de ataque aos direitos, como o atual governo vem fazendo. &#8220;Sempre diante de crises econ\u00f4micas dever\u00edamos encarar como uma oportunidade de se rever a gest\u00e3o e a forma de gerenciamento, e n\u00e3o como uma fonte de pautas regressivas, de ataques e retiradas de direitos. E \u00e9 isso que n\u00f3s estamos assistindo hoje. Diante da desculpa da crise se fez a contrarreforma trabalhista, se retirou direitos na perspectiva de gera\u00e7\u00e3o de empregos, e agora quer promover uma educa\u00e7\u00e3o apenas para forma\u00e7\u00e3o de m\u00e3o de obra\u201d, afirmou.<\/p>\n<p>O ANDES-SN \u00e9 a favor de um projeto diferente de educa\u00e7\u00e3o que visa uma educa\u00e7\u00e3o p\u00fablica de qualidade, com financiamento p\u00fablico, que vai desde o ensino b\u00e1sico at\u00e9 a gradua\u00e7\u00e3o e p\u00f3s-gradua\u00e7\u00e3o. \u201cN\u00f3s defendemos a educa\u00e7\u00e3o como um direito, mas o que n\u00f3s temos assistido no Brasil \u00e9 a mercantiliza\u00e7\u00e3o da educa\u00e7\u00e3o, com um crescimento exponencial das institui\u00e7\u00f5es privadas de ensino superior. Queremos uma educa\u00e7\u00e3o que seja laica e que as institui\u00e7\u00f5es tenham autonomia, como documentado em nossa constitui\u00e7\u00e3o, para proporcionar uma educa\u00e7\u00e3o relevante na forma\u00e7\u00e3o da consci\u00eancia coletiva e no desenvolvimento humano, sem os quais nunca iremos sair de um buraco econ\u00f4mico. N\u00f3s estamos em constante organiza\u00e7\u00e3o e vamos lutar para derrotar esses cortes, seja em \u00e2mbito federal, estadual ou municipal\u201d, declarou Antonio durante o evento.<\/p>\n<\/div>\n<div id=\"share-buttons\"><em>Fonte: Ascom ADUFPB<\/em><\/div>\n","protected":false},"excerpt":{"rendered":"<p>A Comiss\u00e3o de Educa\u00e7\u00e3o da C\u00e2mara dos Deputados discutiu na manh\u00e3 de ter\u00e7a-feira, 2 de julho, os cortes de 30% das dota\u00e7\u00f5es or\u00e7ament\u00e1rias de institui\u00e7\u00f5es de Ensino Superior, anunciados pelo Minist\u00e9rio da Educa\u00e7\u00e3o em abril deste ano. No total, o corte \u00e9 de R$ 1,7 bilh\u00e3o, o que representa 24,84% dos gastos n\u00e3o obrigat\u00f3rios (discricion\u00e1rios)&hellip;<\/p>\n","protected":false},"author":3,"featured_media":0,"comment_status":"closed","ping_status":"closed","sticky":false,"template":"","format":"standard","meta":{"footnotes":""},"categories":[15],"tags":[1258,256,602,202],"class_list":["post-20765","post","type-post","status-publish","format-standard","hentry","category-noticias","tag-audiencia-publica","tag-camara-dos-deputados","tag-cortes","tag-ifes","category-15","description-off"],"_links":{"self":[{"href":"https:\/\/www.adufpb.org.br\/site\/wp-json\/wp\/v2\/posts\/20765","targetHints":{"allow":["GET"]}}],"collection":[{"href":"https:\/\/www.adufpb.org.br\/site\/wp-json\/wp\/v2\/posts"}],"about":[{"href":"https:\/\/www.adufpb.org.br\/site\/wp-json\/wp\/v2\/types\/post"}],"author":[{"embeddable":true,"href":"https:\/\/www.adufpb.org.br\/site\/wp-json\/wp\/v2\/users\/3"}],"replies":[{"embeddable":true,"href":"https:\/\/www.adufpb.org.br\/site\/wp-json\/wp\/v2\/comments?post=20765"}],"version-history":[{"count":1,"href":"https:\/\/www.adufpb.org.br\/site\/wp-json\/wp\/v2\/posts\/20765\/revisions"}],"predecessor-version":[{"id":20766,"href":"https:\/\/www.adufpb.org.br\/site\/wp-json\/wp\/v2\/posts\/20765\/revisions\/20766"}],"wp:attachment":[{"href":"https:\/\/www.adufpb.org.br\/site\/wp-json\/wp\/v2\/media?parent=20765"}],"wp:term":[{"taxonomy":"category","embeddable":true,"href":"https:\/\/www.adufpb.org.br\/site\/wp-json\/wp\/v2\/categories?post=20765"},{"taxonomy":"post_tag","embeddable":true,"href":"https:\/\/www.adufpb.org.br\/site\/wp-json\/wp\/v2\/tags?post=20765"}],"curies":[{"name":"wp","href":"https:\/\/api.w.org\/{rel}","templated":true}]}}