{"id":20747,"date":"2019-07-02T10:57:19","date_gmt":"2019-07-02T13:57:19","guid":{"rendered":"http:\/\/www.adufpb.org.br\/site\/?p=20747"},"modified":"2019-07-09T11:55:56","modified_gmt":"2019-07-09T14:55:56","slug":"adufpb-realiza-rodada-de-assembleias-nos-dias-8-e-9","status":"publish","type":"post","link":"https:\/\/www.adufpb.org.br\/site\/adufpb-realiza-rodada-de-assembleias-nos-dias-8-e-9\/","title":{"rendered":"ADUFPB realiza rodada de assembleias nos dias 8 e 9 de julho"},"content":{"rendered":"<p>Os professores da UFPB voltam a se reunir em assembleia geral na pr\u00f3xima semana. O principal tema da pauta ser\u00e1 o\u00a064\u00ba Conad do Andes &#8211; Sindicato Nacional, que ocorrer\u00e1 de 11 a 14 deste m\u00eas, em Bras\u00edlia. No campus I, em Jo\u00e3o Pessoa, o debate acontece na pr\u00f3xima segunda-feira, dia 8 de julho, no Centro de Viv\u00eancia, a partir das 16h, e reunir\u00e1 tamb\u00e9m os docentes do campus Litoral Norte. Nos campi de Areia e Bananeiras, o debate est\u00e1 marcado para ter\u00e7a-feira, dia 9. Em Areia, a assembleia ser\u00e1 no miniaudit\u00f3rio da sede da ADUFPB, \u00e0s 9h, e em Bananeiras, no miniaudit\u00f3rio do CAVN, \u00e0s 9h30.<\/p>\n<p>Este ano, a tem\u00e1tica do 64\u00ba Conad ser\u00e1 &#8220;Em defesa da educa\u00e7\u00e3o p\u00fablica, dos direitos sociais e das liberdades democr\u00e1ticas&#8221;.\u00a0Os recentes ataques \u00e0 Educa\u00e7\u00e3o P\u00fablica, como o corte no or\u00e7amento nas institui\u00e7\u00f5es federais de ensino p\u00fablicas e o teor do projeto \u201cEscola Sem Partido\u201d estar\u00e3o na pauta dos debates, que ocorrer\u00e3o na Se\u00e7\u00e3o Sindical dos Docentes da Universidade de Bras\u00edlia (Adunb SSind), no\u00a0Campus Universit\u00e1rio Darcy Ribeiro.\u00a0Durante a realiza\u00e7\u00e3o do Conad tamb\u00e9m ser\u00e3o debatidos e deliberados assuntos relacionados \u00e0s contas do Andes.<\/p>\n<p><span style=\"text-decoration: underline;\"><strong>AGENDE-SE<\/strong><\/span><br \/>\n<strong>Assembleia geral<\/strong><\/p>\n<p><em>Dia 8\/7 (segunda-feira)<\/em><br \/>\n&#8211; Jo\u00e3o Pessoa e Litoral Norte &#8211; Centro de Viv\u00eancia, \u00e0s 16h<\/p>\n<p><em>Dia 9\/7 (ter\u00e7a-feira)<\/em><br \/>\n&#8211; Areia &#8211;\u00a0Miniaudit\u00f3rio da Sede da ADUFPB, \u00e0s 9h<br \/>\n&#8211; Bananeiras &#8211;\u00a0Miniaudit\u00f3rio do CAVN, \u00e0s 9h30<\/p>\n<p><em><strong>Pauta<\/strong><\/em><br \/>\n1) Informes<br \/>\n2) Conjuntura e ataques \u00e0 Educa\u00e7\u00e3o<br \/>\n3)\u00a064\u00ba Conad<br \/>\n4) Encaminhamentos<\/p>\n<p><em>Fonte: Ascom ADUFPB<\/em><\/p>\n","protected":false},"excerpt":{"rendered":"<p>Os professores da UFPB voltam a se reunir em assembleia geral na pr\u00f3xima semana. O principal tema da pauta ser\u00e1 o\u00a064\u00ba Conad do Andes &#8211; Sindicato Nacional, que ocorrer\u00e1 de 11 a 14 deste m\u00eas, em Bras\u00edlia. No campus I, em Jo\u00e3o Pessoa, o debate acontece na pr\u00f3xima segunda-feira, dia 8 de julho, no Centro&hellip;<\/p>\n","protected":false},"author":3,"featured_media":20760,"comment_status":"closed","ping_status":"closed","sticky":false,"template":"","format":"standard","meta":{"footnotes":""},"categories":[15,417],"tags":[1257,816,164],"class_list":["post-20747","post","type-post","status-publish","format-standard","has-post-thumbnail","hentry","category-noticias","category-noticias-destaque","tag-64o-conad","tag-assembleia","tag-conad","category-15","category-417","description-off"],"_links":{"self":[{"href":"https:\/\/www.adufpb.org.br\/site\/wp-json\/wp\/v2\/posts\/20747","targetHints":{"allow":["GET"]}}],"collection":[{"href":"https:\/\/www.adufpb.org.br\/site\/wp-json\/wp\/v2\/posts"}],"about":[{"href":"https:\/\/www.adufpb.org.br\/site\/wp-json\/wp\/v2\/types\/post"}],"author":[{"embeddable":true,"href":"https:\/\/www.adufpb.org.br\/site\/wp-json\/wp\/v2\/users\/3"}],"replies":[{"embeddable":true,"href":"https:\/\/www.adufpb.org.br\/site\/wp-json\/wp\/v2\/comments?post=20747"}],"version-history":[{"count":8,"href":"https:\/\/www.adufpb.org.br\/site\/wp-json\/wp\/v2\/posts\/20747\/revisions"}],"predecessor-version":[{"id":20767,"href":"https:\/\/www.adufpb.org.br\/site\/wp-json\/wp\/v2\/posts\/20747\/revisions\/20767"}],"wp:featuredmedia":[{"embeddable":true,"href":"https:\/\/www.adufpb.org.br\/site\/wp-json\/wp\/v2\/media\/20760"}],"wp:attachment":[{"href":"https:\/\/www.adufpb.org.br\/site\/wp-json\/wp\/v2\/media?parent=20747"}],"wp:term":[{"taxonomy":"category","embeddable":true,"href":"https:\/\/www.adufpb.org.br\/site\/wp-json\/wp\/v2\/categories?post=20747"},{"taxonomy":"post_tag","embeddable":true,"href":"https:\/\/www.adufpb.org.br\/site\/wp-json\/wp\/v2\/tags?post=20747"}],"curies":[{"name":"wp","href":"https:\/\/api.w.org\/{rel}","templated":true}]}}