{"id":20683,"date":"2019-06-17T11:43:19","date_gmt":"2019-06-17T14:43:19","guid":{"rendered":"http:\/\/www.adufpb.org.br\/site\/?p=20683"},"modified":"2019-06-17T12:00:40","modified_gmt":"2019-06-17T15:00:40","slug":"greve-geral-brasil-unido-contra-a-reforma-da-previdencia","status":"publish","type":"post","link":"https:\/\/www.adufpb.org.br\/site\/greve-geral-brasil-unido-contra-a-reforma-da-previdencia\/","title":{"rendered":"GREVE GERAL \u2013 Brasil unido contra a Reforma da Previd\u00eancia"},"content":{"rendered":"<div id=\"noticia-descricao\">\n<p>Na \u00faltima sexta-feira, 14 de junho, trabalhadoras e trabalhadores ocuparam as ruas de todo o Brasil contra a proposta de Reforma da Previd\u00eancia e os cortes nos or\u00e7amentos das Institui\u00e7\u00f5es de Ensino Superior e em defesa do ensino p\u00fablico, gratuito e de qualidade. Na Para\u00edba, ocorreram manifesta\u00e7\u00f5es em cerca de 50 cidades, entre elas, Jo\u00e3o Pessoa.<\/p>\n<p>Na Capital, as atividades de protesto come\u00e7aram cedo da manh\u00e3, com diversos bloqueios em BRs, em frente a garagens de \u00f4nibus e em locais de grande movimenta\u00e7\u00e3o de ve\u00edculos. Professores da ADUFPB realizaram piquete no girador pr\u00f3ximo ao supermercado Carrefour, na sa\u00edda do bairro dos Banc\u00e1rios.\u00a0\u00c0 tarde, ocorreu um grande ato p\u00fablico no Centro da cidade, com concentra\u00e7\u00e3o \u00e0s 15h, no Parque da Lagoa. De l\u00e1, os manifestantes seguiram em passeata pelas principais ruas do Centro (veja algumas fotos abaixo).<\/p>\n<p>Em todo o territ\u00f3rio nacional, cerca de 300 cidades registraram protestos. De acordo com boletim divulgado pelas centrais, das 27 capitais, 19 tiveram o sistema de transporte paralisado. Nas oito capitais foram registrados bloqueios em estradas e paralisa\u00e7\u00f5es parciais. Segundo o presidente do ANDES-SN, Antonio Gon\u00e7alves, o objetivo da mobiliza\u00e7\u00e3o foi alcan\u00e7ado. \u201cA greve geral teve essa caracter\u00edstica: paralisar as atividades e isso foi feito Brasil afora. O ANDES-SN avalia como um dia bastante positivo, j\u00e1 que \u00e9 o primeiro dia de greve geral desde 28 de abril de 2017\u201d, apontou. Ainda de acordo com informa\u00e7\u00f5es divulgadas pelas Centrais Sindicais e movimentos populares, portos, ind\u00fastrias metal\u00fargicas e bancos tamb\u00e9m pararam suas atividades.<\/p>\n<p>Infelizmente, em meio a uma mobiliza\u00e7\u00e3o pac\u00edfica, foram registrados casos de viol\u00eancia e repress\u00e3o de forma isolada. O presidente da se\u00e7\u00e3o sindical SINDOIF, Andr\u00e9 Martins, foi detido junto com outros 52 militantes em Porto Alegre, no Rio Grande do Sul. Em S\u00e3o Paulo, estudantes e professores foram atacados pela Pol\u00edcia Militar nos arredores da Universidade de S\u00e3o Paulo (USP).<\/p>\n<p>J\u00e1 em Niter\u00f3i, no estado do Rio de Janeiro, estudantes e professores, incluindo a professora Marinalva Oliveira, militante e ex-presidente do ANDES-SN, foram atropelados por um carro que atravessou o bloqueio da via.<\/p>\n<p>O Sindicato Nacional do Docentes de Institui\u00e7\u00f5es de Ensino Superior divulgou nota repudiando as violentas a\u00e7\u00f5es sofridas durante a Greve Geral. \u201cO ANDES-SN repudia quaisquer a\u00e7\u00f5es antidemocr\u00e1ticas, violentas e repressoras que ocorreram no 14J. A institui\u00e7\u00e3o dar\u00e1 toda a solidariedade e apoio jur\u00eddico a todo que sofreram injustamente no dia de hoje\u201d, destacou a nota.<\/p>\n<p>Veja fotos do protesto em Jo\u00e3o Pessoa:<\/p>\n\n\t\t\t<style type='text\/css'>\n\t\t\t\t#gallery-1 {\n\t\t\t\t\tmargin: auto;\n\t\t\t\t}\n\t\t\t\t#gallery-1 .gallery-item {\n\t\t\t\t\tfloat: left;\n\t\t\t\t\tmargin-top: 10px;\n\t\t\t\t\ttext-align: center;\n\t\t\t\t\twidth: 20%;\n\t\t\t\t}\n\t\t\t\t#gallery-1 img {\n\t\t\t\t\tborder: 2px solid #cfcfcf;\n\t\t\t\t}\n\t\t\t\t#gallery-1 .gallery-caption {\n\t\t\t\t\tmargin-left: 0;\n\t\t\t\t}\n\t\t\t\t\/* see gallery_shortcode() in wp-includes\/media.php *\/\n\t\t\t<\/style>\n\t\t<div id='gallery-1' class='dt-gallery-container gallery galleryid-20683 gallery-columns-5 gallery-size-thumbnail'><dl class='gallery-item'>\n\t\t\t\t<dt class='gallery-icon landscape'>\n\t\t\t\t\t<a class=\"rollover\" href='https:\/\/www.adufpb.org.br\/site\/greve-geral-brasil-unido-contra-a-reforma-da-previdencia\/2019-06-14-greve-geral-marcelo-sitcovsky-em-entrevista-a-tv-tambau\/'><img loading=\"lazy\" decoding=\"async\" width=\"150\" height=\"150\" src=\"https:\/\/www.adufpb.org.br\/site\/wp-content\/uploads\/2019\/06\/2019.06.14-greve-geral-Marcelo-Sitcovsky-em-entrevista-\u00e0-TV-Tamba\u00fa-150x150.jpg\" class=\"attachment-thumbnail size-thumbnail\" alt=\"\" aria-describedby=\"gallery-1-20710\" \/><\/a>\n\t\t\t\t<\/dt>\n\t\t\t\t\t<dd class='wp-caption-text gallery-caption' id='gallery-1-20710'>\n\t\t\t\t\tBloqueio em frente \u00e0 UFPB\n\t\t\t\t\t<\/dd><\/dl><dl class='gallery-item'>\n\t\t\t\t<dt class='gallery-icon portrait'>\n\t\t\t\t\t<a class=\"rollover\" href='https:\/\/www.adufpb.org.br\/site\/greve-geral-brasil-unido-contra-a-reforma-da-previdencia\/2019-06-14-greve-geral-22\/'><img loading=\"lazy\" decoding=\"async\" width=\"150\" height=\"150\" src=\"https:\/\/www.adufpb.org.br\/site\/wp-content\/uploads\/2019\/06\/2019.06.14-greve-geral-22-150x150.jpeg\" class=\"attachment-thumbnail size-thumbnail\" alt=\"\" \/><\/a>\n\t\t\t\t<\/dt><\/dl><dl class='gallery-item'>\n\t\t\t\t<dt class='gallery-icon portrait'>\n\t\t\t\t\t<a class=\"rollover\" href='https:\/\/www.adufpb.org.br\/site\/greve-geral-brasil-unido-contra-a-reforma-da-previdencia\/2019-06-14-greve-geral-24\/'><img loading=\"lazy\" decoding=\"async\" width=\"150\" height=\"150\" src=\"https:\/\/www.adufpb.org.br\/site\/wp-content\/uploads\/2019\/06\/2019.06.14-greve-geral-24-150x150.jpeg\" class=\"attachment-thumbnail size-thumbnail\" alt=\"\" \/><\/a>\n\t\t\t\t<\/dt><\/dl><dl class='gallery-item'>\n\t\t\t\t<dt class='gallery-icon landscape'>\n\t\t\t\t\t<a class=\"rollover\" href='https:\/\/www.adufpb.org.br\/site\/greve-geral-brasil-unido-contra-a-reforma-da-previdencia\/2019-06-14-greve-geral-18\/'><img loading=\"lazy\" decoding=\"async\" width=\"150\" height=\"150\" src=\"https:\/\/www.adufpb.org.br\/site\/wp-content\/uploads\/2019\/06\/2019.06.14-greve-geral-18-150x150.jpeg\" class=\"attachment-thumbnail size-thumbnail\" alt=\"\" \/><\/a>\n\t\t\t\t<\/dt><\/dl><dl class='gallery-item'>\n\t\t\t\t<dt class='gallery-icon landscape'>\n\t\t\t\t\t<a class=\"rollover\" href='https:\/\/www.adufpb.org.br\/site\/greve-geral-brasil-unido-contra-a-reforma-da-previdencia\/2019-06-14-greve-geral-19\/'><img loading=\"lazy\" decoding=\"async\" width=\"150\" height=\"150\" src=\"https:\/\/www.adufpb.org.br\/site\/wp-content\/uploads\/2019\/06\/2019.06.14-greve-geral-19-150x150.jpeg\" class=\"attachment-thumbnail size-thumbnail\" alt=\"\" \/><\/a>\n\t\t\t\t<\/dt><\/dl><br style=\"clear: both\" \/><dl class='gallery-item'>\n\t\t\t\t<dt class='gallery-icon landscape'>\n\t\t\t\t\t<a class=\"rollover\" href='https:\/\/www.adufpb.org.br\/site\/greve-geral-brasil-unido-contra-a-reforma-da-previdencia\/2019-06-14-greve-geral-20\/'><img loading=\"lazy\" decoding=\"async\" width=\"150\" height=\"150\" src=\"https:\/\/www.adufpb.org.br\/site\/wp-content\/uploads\/2019\/06\/2019.06.14-greve-geral-20-150x150.jpeg\" class=\"attachment-thumbnail size-thumbnail\" alt=\"\" \/><\/a>\n\t\t\t\t<\/dt><\/dl><dl class='gallery-item'>\n\t\t\t\t<dt class='gallery-icon landscape'>\n\t\t\t\t\t<a class=\"rollover\" href='https:\/\/www.adufpb.org.br\/site\/greve-geral-brasil-unido-contra-a-reforma-da-previdencia\/2019-06-14-greve-geral-21\/'><img loading=\"lazy\" decoding=\"async\" width=\"150\" height=\"150\" src=\"https:\/\/www.adufpb.org.br\/site\/wp-content\/uploads\/2019\/06\/2019.06.14-greve-geral-21-150x150.jpeg\" class=\"attachment-thumbnail size-thumbnail\" alt=\"\" \/><\/a>\n\t\t\t\t<\/dt><\/dl><dl class='gallery-item'>\n\t\t\t\t<dt class='gallery-icon landscape'>\n\t\t\t\t\t<a class=\"rollover\" href='https:\/\/www.adufpb.org.br\/site\/greve-geral-brasil-unido-contra-a-reforma-da-previdencia\/2019-06-14-greve-geral-13\/'><img loading=\"lazy\" decoding=\"async\" width=\"150\" height=\"150\" src=\"https:\/\/www.adufpb.org.br\/site\/wp-content\/uploads\/2019\/06\/2019.06.14-greve-geral-13-150x150.jpeg\" class=\"attachment-thumbnail size-thumbnail\" alt=\"\" \/><\/a>\n\t\t\t\t<\/dt><\/dl><dl class='gallery-item'>\n\t\t\t\t<dt class='gallery-icon portrait'>\n\t\t\t\t\t<a class=\"rollover\" href='https:\/\/www.adufpb.org.br\/site\/greve-geral-brasil-unido-contra-a-reforma-da-previdencia\/2019-06-14-greve-geral-6\/'><img loading=\"lazy\" decoding=\"async\" width=\"150\" height=\"150\" src=\"https:\/\/www.adufpb.org.br\/site\/wp-content\/uploads\/2019\/06\/2019.06.14-greve-geral-6-150x150.jpeg\" class=\"attachment-thumbnail size-thumbnail\" alt=\"\" \/><\/a>\n\t\t\t\t<\/dt><\/dl><dl class='gallery-item'>\n\t\t\t\t<dt class='gallery-icon portrait'>\n\t\t\t\t\t<a class=\"rollover\" href='https:\/\/www.adufpb.org.br\/site\/greve-geral-brasil-unido-contra-a-reforma-da-previdencia\/2019-06-14-greve-geral-4\/'><img loading=\"lazy\" decoding=\"async\" width=\"150\" height=\"150\" src=\"https:\/\/www.adufpb.org.br\/site\/wp-content\/uploads\/2019\/06\/2019.06.14-greve-geral-4-150x150.jpeg\" class=\"attachment-thumbnail size-thumbnail\" alt=\"\" \/><\/a>\n\t\t\t\t<\/dt><\/dl><br style=\"clear: both\" \/><dl class='gallery-item'>\n\t\t\t\t<dt class='gallery-icon landscape'>\n\t\t\t\t\t<a class=\"rollover\" href='https:\/\/www.adufpb.org.br\/site\/greve-geral-brasil-unido-contra-a-reforma-da-previdencia\/2019-06-14-greve-geral-7\/'><img loading=\"lazy\" decoding=\"async\" width=\"150\" height=\"150\" src=\"https:\/\/www.adufpb.org.br\/site\/wp-content\/uploads\/2019\/06\/2019.06.14-greve-geral-7-150x150.jpeg\" class=\"attachment-thumbnail size-thumbnail\" alt=\"\" \/><\/a>\n\t\t\t\t<\/dt><\/dl><dl class='gallery-item'>\n\t\t\t\t<dt class='gallery-icon portrait'>\n\t\t\t\t\t<a class=\"rollover\" href='https:\/\/www.adufpb.org.br\/site\/greve-geral-brasil-unido-contra-a-reforma-da-previdencia\/2019-06-14-greve-geral-11\/'><img loading=\"lazy\" decoding=\"async\" width=\"150\" height=\"150\" src=\"https:\/\/www.adufpb.org.br\/site\/wp-content\/uploads\/2019\/06\/2019.06.14-greve-geral-11-150x150.jpeg\" class=\"attachment-thumbnail size-thumbnail\" alt=\"\" \/><\/a>\n\t\t\t\t<\/dt><\/dl><dl class='gallery-item'>\n\t\t\t\t<dt class='gallery-icon portrait'>\n\t\t\t\t\t<a class=\"rollover\" href='https:\/\/www.adufpb.org.br\/site\/greve-geral-brasil-unido-contra-a-reforma-da-previdencia\/2019-06-14-greve-geral-12\/'><img loading=\"lazy\" decoding=\"async\" width=\"150\" height=\"150\" src=\"https:\/\/www.adufpb.org.br\/site\/wp-content\/uploads\/2019\/06\/2019.06.14-greve-geral-12-150x150.jpeg\" class=\"attachment-thumbnail size-thumbnail\" alt=\"\" \/><\/a>\n\t\t\t\t<\/dt><\/dl><dl class='gallery-item'>\n\t\t\t\t<dt class='gallery-icon portrait'>\n\t\t\t\t\t<a class=\"rollover\" href='https:\/\/www.adufpb.org.br\/site\/greve-geral-brasil-unido-contra-a-reforma-da-previdencia\/2019-06-14-greve-geral\/'><img loading=\"lazy\" decoding=\"async\" width=\"150\" height=\"150\" src=\"https:\/\/www.adufpb.org.br\/site\/wp-content\/uploads\/2019\/06\/2019.06.14-greve-geral-150x150.jpeg\" class=\"attachment-thumbnail size-thumbnail\" alt=\"\" \/><\/a>\n\t\t\t\t<\/dt><\/dl><dl class='gallery-item'>\n\t\t\t\t<dt class='gallery-icon portrait'>\n\t\t\t\t\t<a class=\"rollover\" href='https:\/\/www.adufpb.org.br\/site\/greve-geral-brasil-unido-contra-a-reforma-da-previdencia\/2019-06-14-greve-geral-2\/'><img loading=\"lazy\" decoding=\"async\" width=\"150\" height=\"150\" src=\"https:\/\/www.adufpb.org.br\/site\/wp-content\/uploads\/2019\/06\/2019.06.14-greve-geral-2-150x150.jpeg\" class=\"attachment-thumbnail size-thumbnail\" alt=\"\" \/><\/a>\n\t\t\t\t<\/dt><\/dl><br style=\"clear: both\" \/><dl class='gallery-item'>\n\t\t\t\t<dt class='gallery-icon portrait'>\n\t\t\t\t\t<a class=\"rollover\" href='https:\/\/www.adufpb.org.br\/site\/greve-geral-brasil-unido-contra-a-reforma-da-previdencia\/2019-06-14-greve-geral-3\/'><img loading=\"lazy\" decoding=\"async\" width=\"150\" height=\"150\" src=\"https:\/\/www.adufpb.org.br\/site\/wp-content\/uploads\/2019\/06\/2019.06.14-greve-geral-3-150x150.jpeg\" class=\"attachment-thumbnail size-thumbnail\" alt=\"\" \/><\/a>\n\t\t\t\t<\/dt><\/dl><dl class='gallery-item'>\n\t\t\t\t<dt class='gallery-icon landscape'>\n\t\t\t\t\t<a class=\"rollover\" href='https:\/\/www.adufpb.org.br\/site\/greve-geral-brasil-unido-contra-a-reforma-da-previdencia\/2019-06-14-greve-geral-5\/'><img loading=\"lazy\" decoding=\"async\" width=\"150\" height=\"150\" src=\"https:\/\/www.adufpb.org.br\/site\/wp-content\/uploads\/2019\/06\/2019.06.14-greve-geral-5-150x150.jpeg\" class=\"attachment-thumbnail size-thumbnail\" alt=\"\" \/><\/a>\n\t\t\t\t<\/dt><\/dl><dl class='gallery-item'>\n\t\t\t\t<dt class='gallery-icon portrait'>\n\t\t\t\t\t<a class=\"rollover\" href='https:\/\/www.adufpb.org.br\/site\/greve-geral-brasil-unido-contra-a-reforma-da-previdencia\/2019-06-14-greve-geral-8\/'><img loading=\"lazy\" decoding=\"async\" width=\"150\" height=\"150\" src=\"https:\/\/www.adufpb.org.br\/site\/wp-content\/uploads\/2019\/06\/2019.06.14-greve-geral-8-150x150.jpeg\" class=\"attachment-thumbnail size-thumbnail\" alt=\"\" \/><\/a>\n\t\t\t\t<\/dt><\/dl><dl class='gallery-item'>\n\t\t\t\t<dt class='gallery-icon portrait'>\n\t\t\t\t\t<a class=\"rollover\" href='https:\/\/www.adufpb.org.br\/site\/greve-geral-brasil-unido-contra-a-reforma-da-previdencia\/2019-06-14-greve-geral-9\/'><img loading=\"lazy\" decoding=\"async\" width=\"150\" height=\"150\" src=\"https:\/\/www.adufpb.org.br\/site\/wp-content\/uploads\/2019\/06\/2019.06.14-greve-geral-9-150x150.jpeg\" class=\"attachment-thumbnail size-thumbnail\" alt=\"\" \/><\/a>\n\t\t\t\t<\/dt><\/dl><dl class='gallery-item'>\n\t\t\t\t<dt class='gallery-icon portrait'>\n\t\t\t\t\t<a class=\"rollover\" href='https:\/\/www.adufpb.org.br\/site\/greve-geral-brasil-unido-contra-a-reforma-da-previdencia\/2019-06-14-greve-geral-10\/'><img loading=\"lazy\" decoding=\"async\" width=\"150\" height=\"150\" src=\"https:\/\/www.adufpb.org.br\/site\/wp-content\/uploads\/2019\/06\/2019.06.14-greve-geral-10-150x150.jpeg\" class=\"attachment-thumbnail size-thumbnail\" alt=\"\" \/><\/a>\n\t\t\t\t<\/dt><\/dl><br style=\"clear: both\" \/><dl class='gallery-item'>\n\t\t\t\t<dt class='gallery-icon landscape'>\n\t\t\t\t\t<a class=\"rollover\" href='https:\/\/www.adufpb.org.br\/site\/greve-geral-brasil-unido-contra-a-reforma-da-previdencia\/2019-06-14-greve-geral-14\/'><img loading=\"lazy\" decoding=\"async\" width=\"150\" height=\"150\" src=\"https:\/\/www.adufpb.org.br\/site\/wp-content\/uploads\/2019\/06\/2019.06.14-greve-geral-14-150x150.jpeg\" class=\"attachment-thumbnail size-thumbnail\" alt=\"\" \/><\/a>\n\t\t\t\t<\/dt><\/dl><dl class='gallery-item'>\n\t\t\t\t<dt class='gallery-icon landscape'>\n\t\t\t\t\t<a class=\"rollover\" href='https:\/\/www.adufpb.org.br\/site\/greve-geral-brasil-unido-contra-a-reforma-da-previdencia\/2019-06-14-greve-geral-15\/'><img loading=\"lazy\" decoding=\"async\" width=\"150\" height=\"150\" src=\"https:\/\/www.adufpb.org.br\/site\/wp-content\/uploads\/2019\/06\/2019.06.14-greve-geral-15-150x150.jpeg\" class=\"attachment-thumbnail size-thumbnail\" alt=\"\" \/><\/a>\n\t\t\t\t<\/dt><\/dl><dl class='gallery-item'>\n\t\t\t\t<dt class='gallery-icon landscape'>\n\t\t\t\t\t<a class=\"rollover\" href='https:\/\/www.adufpb.org.br\/site\/greve-geral-brasil-unido-contra-a-reforma-da-previdencia\/2019-06-14-greve-geral-16\/'><img loading=\"lazy\" decoding=\"async\" width=\"150\" height=\"150\" src=\"https:\/\/www.adufpb.org.br\/site\/wp-content\/uploads\/2019\/06\/2019.06.14-greve-geral-16-150x150.jpeg\" class=\"attachment-thumbnail size-thumbnail\" alt=\"\" \/><\/a>\n\t\t\t\t<\/dt><\/dl><dl class='gallery-item'>\n\t\t\t\t<dt class='gallery-icon landscape'>\n\t\t\t\t\t<a class=\"rollover\" href='https:\/\/www.adufpb.org.br\/site\/greve-geral-brasil-unido-contra-a-reforma-da-previdencia\/2019-06-14-greve-geral-17\/'><img loading=\"lazy\" decoding=\"async\" width=\"150\" height=\"150\" src=\"https:\/\/www.adufpb.org.br\/site\/wp-content\/uploads\/2019\/06\/2019.06.14-greve-geral-17-150x150.jpeg\" class=\"attachment-thumbnail size-thumbnail\" alt=\"\" \/><\/a>\n\t\t\t\t<\/dt><\/dl><dl class='gallery-item'>\n\t\t\t\t<dt class='gallery-icon landscape'>\n\t\t\t\t\t<a class=\"rollover\" href='https:\/\/www.adufpb.org.br\/site\/greve-geral-brasil-unido-contra-a-reforma-da-previdencia\/2019-06-14-greve-geral-23\/'><img loading=\"lazy\" decoding=\"async\" width=\"150\" height=\"150\" src=\"https:\/\/www.adufpb.org.br\/site\/wp-content\/uploads\/2019\/06\/2019.06.14-greve-geral-23-150x150.jpeg\" class=\"attachment-thumbnail size-thumbnail\" alt=\"\" \/><\/a>\n\t\t\t\t<\/dt><\/dl><br style=\"clear: both\" \/>\n\t\t\t<\/div>\n\n<p><em>Fonte: Andes-SN, com edi\u00e7\u00e3o da ADUFPB<\/em><\/p>\n<\/div>\n","protected":false},"excerpt":{"rendered":"<p>Na \u00faltima sexta-feira, 14 de junho, trabalhadoras e trabalhadores ocuparam as ruas de todo o Brasil contra a proposta de Reforma da Previd\u00eancia e os cortes nos or\u00e7amentos das Institui\u00e7\u00f5es de Ensino Superior e em defesa do ensino p\u00fablico, gratuito e de qualidade. Na Para\u00edba, ocorreram manifesta\u00e7\u00f5es em cerca de 50 cidades, entre elas, Jo\u00e3o&hellip;<\/p>\n","protected":false},"author":3,"featured_media":20703,"comment_status":"closed","ping_status":"closed","sticky":false,"template":"","format":"standard","meta":{"footnotes":""},"categories":[417],"tags":[1255,602,216,819,202,199,354,294],"class_list":["post-20683","post","type-post","status-publish","format-standard","has-post-thumbnail","hentry","category-noticias-destaque","tag-14-de-junho","tag-cortes","tag-educacao","tag-greve-geral","tag-ifes","tag-previdencia","tag-protesto","tag-reforma-da-previdencia","category-417","description-off"],"_links":{"self":[{"href":"https:\/\/www.adufpb.org.br\/site\/wp-json\/wp\/v2\/posts\/20683","targetHints":{"allow":["GET"]}}],"collection":[{"href":"https:\/\/www.adufpb.org.br\/site\/wp-json\/wp\/v2\/posts"}],"about":[{"href":"https:\/\/www.adufpb.org.br\/site\/wp-json\/wp\/v2\/types\/post"}],"author":[{"embeddable":true,"href":"https:\/\/www.adufpb.org.br\/site\/wp-json\/wp\/v2\/users\/3"}],"replies":[{"embeddable":true,"href":"https:\/\/www.adufpb.org.br\/site\/wp-json\/wp\/v2\/comments?post=20683"}],"version-history":[{"count":5,"href":"https:\/\/www.adufpb.org.br\/site\/wp-json\/wp\/v2\/posts\/20683\/revisions"}],"predecessor-version":[{"id":20713,"href":"https:\/\/www.adufpb.org.br\/site\/wp-json\/wp\/v2\/posts\/20683\/revisions\/20713"}],"wp:featuredmedia":[{"embeddable":true,"href":"https:\/\/www.adufpb.org.br\/site\/wp-json\/wp\/v2\/media\/20703"}],"wp:attachment":[{"href":"https:\/\/www.adufpb.org.br\/site\/wp-json\/wp\/v2\/media?parent=20683"}],"wp:term":[{"taxonomy":"category","embeddable":true,"href":"https:\/\/www.adufpb.org.br\/site\/wp-json\/wp\/v2\/categories?post=20683"},{"taxonomy":"post_tag","embeddable":true,"href":"https:\/\/www.adufpb.org.br\/site\/wp-json\/wp\/v2\/tags?post=20683"}],"curies":[{"name":"wp","href":"https:\/\/api.w.org\/{rel}","templated":true}]}}