{"id":20628,"date":"2019-06-04T11:43:43","date_gmt":"2019-06-04T14:43:43","guid":{"rendered":"http:\/\/www.adufpb.org.br\/site\/?p=20628"},"modified":"2019-06-07T10:55:37","modified_gmt":"2019-06-07T13:55:37","slug":"professores-da-acao-dos-2886-reunem-se-na-proxima-quinta-feira-com-assessorias-juridicas","status":"publish","type":"post","link":"https:\/\/www.adufpb.org.br\/site\/professores-da-acao-dos-2886-reunem-se-na-proxima-quinta-feira-com-assessorias-juridicas\/","title":{"rendered":"Professores da a\u00e7\u00e3o dos 28,86% re\u00fanem-se na pr\u00f3xima quinta-feira com assessorias jur\u00eddicas"},"content":{"rendered":"<p>Aten\u00e7\u00e3o professores que integram o processo dos 28,86%: na pr\u00f3xima quinta-feira, 6 de junho de 2019, \u00e0s 15h, no Centro de Viv\u00eancia\/UFPB, a ADUFPB realizar\u00e1 uma reuni\u00e3o com a presen\u00e7a das assessorias jur\u00eddicas (G P Duarte Advogados e Rocha, Marinho e Sales). A pauta: Informes Gerais sobre os 28,86%.<\/p>\n<p><span style=\"text-decoration: underline;\"><strong>AGENDE-SE<\/strong><\/span><\/p>\n<p><strong>Reuni\u00e3o sobre a a\u00e7\u00e3o dos 28,86%<\/strong><\/p>\n<p><strong>Data:<\/strong> 6 de junho de 2019 (quinta-feira)<\/p>\n<p><strong>Hor\u00e1rio:<\/strong> 15h<\/p>\n<p><strong>Local:<\/strong> Centro de Viv\u00eancia\/UFPB<\/p>\n<p><em>Fonte: Ascom ADUFPB<\/em><\/p>\n<p>&nbsp;<\/p>\n<p>&nbsp;<\/p>\n<p>&nbsp;<\/p>\n","protected":false},"excerpt":{"rendered":"<p>Aten\u00e7\u00e3o professores que integram o processo dos 28,86%: na pr\u00f3xima quinta-feira, 6 de junho de 2019, \u00e0s 15h, no Centro de Viv\u00eancia\/UFPB, a ADUFPB realizar\u00e1 uma reuni\u00e3o com a presen\u00e7a das assessorias jur\u00eddicas (G P Duarte Advogados e Rocha, Marinho e Sales). A pauta: Informes Gerais sobre os 28,86%. AGENDE-SE Reuni\u00e3o sobre a a\u00e7\u00e3o dos&hellip;<\/p>\n","protected":false},"author":3,"featured_media":20634,"comment_status":"closed","ping_status":"closed","sticky":false,"template":"","format":"standard","meta":{"footnotes":""},"categories":[15,417],"tags":[245,467],"class_list":["post-20628","post","type-post","status-publish","format-standard","has-post-thumbnail","hentry","category-noticias","category-noticias-destaque","tag-245","tag-assuntos-juridicos","category-15","category-417","description-off"],"_links":{"self":[{"href":"https:\/\/www.adufpb.org.br\/site\/wp-json\/wp\/v2\/posts\/20628","targetHints":{"allow":["GET"]}}],"collection":[{"href":"https:\/\/www.adufpb.org.br\/site\/wp-json\/wp\/v2\/posts"}],"about":[{"href":"https:\/\/www.adufpb.org.br\/site\/wp-json\/wp\/v2\/types\/post"}],"author":[{"embeddable":true,"href":"https:\/\/www.adufpb.org.br\/site\/wp-json\/wp\/v2\/users\/3"}],"replies":[{"embeddable":true,"href":"https:\/\/www.adufpb.org.br\/site\/wp-json\/wp\/v2\/comments?post=20628"}],"version-history":[{"count":1,"href":"https:\/\/www.adufpb.org.br\/site\/wp-json\/wp\/v2\/posts\/20628\/revisions"}],"predecessor-version":[{"id":20629,"href":"https:\/\/www.adufpb.org.br\/site\/wp-json\/wp\/v2\/posts\/20628\/revisions\/20629"}],"wp:featuredmedia":[{"embeddable":true,"href":"https:\/\/www.adufpb.org.br\/site\/wp-json\/wp\/v2\/media\/20634"}],"wp:attachment":[{"href":"https:\/\/www.adufpb.org.br\/site\/wp-json\/wp\/v2\/media?parent=20628"}],"wp:term":[{"taxonomy":"category","embeddable":true,"href":"https:\/\/www.adufpb.org.br\/site\/wp-json\/wp\/v2\/categories?post=20628"},{"taxonomy":"post_tag","embeddable":true,"href":"https:\/\/www.adufpb.org.br\/site\/wp-json\/wp\/v2\/tags?post=20628"}],"curies":[{"name":"wp","href":"https:\/\/api.w.org\/{rel}","templated":true}]}}