{"id":20616,"date":"2019-05-29T22:01:54","date_gmt":"2019-05-30T01:01:54","guid":{"rendered":"http:\/\/www.adufpb.org.br\/site\/?p=20616"},"modified":"2019-06-04T11:47:01","modified_gmt":"2019-06-04T14:47:01","slug":"professores-da-ufpb-aprovam-proposta-de-mobilizacao-com-paralisacao-para-o-ato-publico-desta-quinta-feira","status":"publish","type":"post","link":"https:\/\/www.adufpb.org.br\/site\/professores-da-ufpb-aprovam-proposta-de-mobilizacao-com-paralisacao-para-o-ato-publico-desta-quinta-feira\/","title":{"rendered":"Professores da UFPB aprovam proposta de mobiliza\u00e7\u00e3o com paralisa\u00e7\u00e3o para o ato p\u00fablico desta quinta-feira"},"content":{"rendered":"<p dir=\"ltr\" id=\"docs-internal-guid-0c5e5165-7fff-9b65-4f5b-34636b79b605\">Os professores da UFPB sair\u00e3o \u00e0s ruas mais uma vez nesta quinta-feira (30\/5) em defesa da educa\u00e7\u00e3o p\u00fablica, gratuita e de qualidade. Reunida em assembleia geral, a categoria aprovou na tarde da quarta-feira (29) a proposta de mobiliza\u00e7\u00e3o com paralisa\u00e7\u00e3o das atividades para o segundo Dia Nacional de Luta em Defesa da Educa\u00e7\u00e3o, organizado pelos movimentos estudantis de todo o pa\u00eds.<\/p>\n<p>Ficou definido que os docentes far\u00e3o concentra\u00e7\u00e3o \u00e0s 8h, no Centro de Viv\u00eancia, para seguir em arrast\u00e3o pelos diversos centros do campus I convocando os demais professores, al\u00e9m de servidores t\u00e9cnico-administrativos e estudantes para participar do grande ato p\u00fablico que ser\u00e1 realizado \u00e0 tarde.<\/p>\n<p>O grupo ir\u00e1 se incorporar \u00e0s comiss\u00f5es de mobiliza\u00e7\u00e3o estudantil, que tamb\u00e9m estar\u00e3o realizando atividades de convoca\u00e7\u00e3o da comunidade universit\u00e1ria. \u00c0 tarde, o ato p\u00fablico ter\u00e1 concentra\u00e7\u00e3o \u00e0s 15h, na frente do port\u00e3o do CCHLA. Em seguida, os manifestantes sair\u00e3o em marcha at\u00e9 a Pra\u00e7a da Paz, nos Banc\u00e1rios.<\/p>\n<p>No local, estar\u00e1 sendo realizada a segunda edi\u00e7\u00e3o do \u201cEduca\u00e7\u00e3o na Pra\u00e7a\u201d, que reunir\u00e1 estandes com projetos de pesquisas e a\u00e7\u00f5es de extens\u00e3o que s\u00e3o desenvolvidos nas institui\u00e7\u00f5es federais de ensino da Para\u00edba. A primeira edi\u00e7\u00e3o do evento ocorreu no dia 15, no Ponto de Cem R\u00e9is.<\/p>\n<p>O encerramento do protesto ser\u00e1 feita com um grande ato cultural na Pra\u00e7a da Paz, a partir das 17h, com a participa\u00e7\u00e3o de artistas locais. A atividade, que est\u00e1 sendo organizada por entidades estudantis de todo o pa\u00eds, busca, al\u00e9m de repudiar os cortes e os ataques do governo federal ao setor da educa\u00e7\u00e3o, tamb\u00e9m sinalizar para a mobiliza\u00e7\u00e3o do dia 14 de junho, quando ser\u00e1 realizada em todo o pa\u00eds a Greve Geral convocada pelas centrais sindicais.<\/p>\n<p><strong>Terceirizados<\/strong><\/p>\n<p dir=\"ltr\">Outra encaminhamento da assembleia de professores realizada nesta quarta-feira foi a de indicar \u00e0 Diretoria Executiva da ADUFPB que encaminhe um documento \u00e0 reitoria solicitando que a administra\u00e7\u00e3o central n\u00e3o registre a falta dos trabalhadores terceirizados da limpeza e da seguran\u00e7a nesta quinta-feira para que eles tamb\u00e9m possam participar do protesto.<\/p>\n<p dir=\"ltr\"><em>Fonte: Ascom ADUFPB<\/em><\/p>\n","protected":false},"excerpt":{"rendered":"<p>Os professores da UFPB sair\u00e3o \u00e0s ruas mais uma vez nesta quinta-feira (30\/5) em defesa da educa\u00e7\u00e3o p\u00fablica, gratuita e de qualidade. Reunida em assembleia geral, a categoria aprovou na tarde da quarta-feira (29) a proposta de mobiliza\u00e7\u00e3o com paralisa\u00e7\u00e3o das atividades para o segundo Dia Nacional de Luta em Defesa da Educa\u00e7\u00e3o, organizado pelos&hellip;<\/p>\n","protected":false},"author":3,"featured_media":0,"comment_status":"closed","ping_status":"closed","sticky":false,"template":"","format":"standard","meta":{"footnotes":""},"categories":[15],"tags":[],"class_list":["post-20616","post","type-post","status-publish","format-standard","hentry","category-noticias","category-15","description-off"],"_links":{"self":[{"href":"https:\/\/www.adufpb.org.br\/site\/wp-json\/wp\/v2\/posts\/20616","targetHints":{"allow":["GET"]}}],"collection":[{"href":"https:\/\/www.adufpb.org.br\/site\/wp-json\/wp\/v2\/posts"}],"about":[{"href":"https:\/\/www.adufpb.org.br\/site\/wp-json\/wp\/v2\/types\/post"}],"author":[{"embeddable":true,"href":"https:\/\/www.adufpb.org.br\/site\/wp-json\/wp\/v2\/users\/3"}],"replies":[{"embeddable":true,"href":"https:\/\/www.adufpb.org.br\/site\/wp-json\/wp\/v2\/comments?post=20616"}],"version-history":[{"count":2,"href":"https:\/\/www.adufpb.org.br\/site\/wp-json\/wp\/v2\/posts\/20616\/revisions"}],"predecessor-version":[{"id":20673,"href":"https:\/\/www.adufpb.org.br\/site\/wp-json\/wp\/v2\/posts\/20616\/revisions\/20673"}],"wp:attachment":[{"href":"https:\/\/www.adufpb.org.br\/site\/wp-json\/wp\/v2\/media?parent=20616"}],"wp:term":[{"taxonomy":"category","embeddable":true,"href":"https:\/\/www.adufpb.org.br\/site\/wp-json\/wp\/v2\/categories?post=20616"},{"taxonomy":"post_tag","embeddable":true,"href":"https:\/\/www.adufpb.org.br\/site\/wp-json\/wp\/v2\/tags?post=20616"}],"curies":[{"name":"wp","href":"https:\/\/api.w.org\/{rel}","templated":true}]}}