{"id":20578,"date":"2019-05-21T11:20:35","date_gmt":"2019-05-21T14:20:35","guid":{"rendered":"http:\/\/www.adufpb.org.br\/site\/?p=20578"},"modified":"2019-05-21T11:20:35","modified_gmt":"2019-05-21T14:20:35","slug":"entidades-da-educacao-preparam-novo-dia-de-lutas-em-30-de-maio","status":"publish","type":"post","link":"https:\/\/www.adufpb.org.br\/site\/entidades-da-educacao-preparam-novo-dia-de-lutas-em-30-de-maio\/","title":{"rendered":"Entidades da educa\u00e7\u00e3o preparam novo dia de lutas em 30 de maio"},"content":{"rendered":"<div id=\"noticia-descricao\">\n<p>A luta em defesa da educa\u00e7\u00e3o p\u00fablica, gratuita e de qualidade ter\u00e1 uma nova rodada no dia 30 de maio.<\/p>\n<p>As entidades representativas de estudantes, professores, t\u00e9cnicos-administrativos preparam para a data mais um dia de lutas da educa\u00e7\u00e3o, em n\u00edvel nacional.<\/p>\n<p>A prepara\u00e7\u00e3o da nova mobiliza\u00e7\u00e3o do setor foi definida\u00a0em reuni\u00e3o\u00a0na sexta-feira (17). O encontro contou com ANDES-SN, CNTE, FASUBRA, FENET, SINASEFE, UBES e UNE.<\/p>\n<p>Nas redes sociais, em especial no Twitter, j\u00e1 circulam hashtags convocando novas mobiliza\u00e7\u00f5es para o 30 de maio.<\/p>\n<p>As entidades pretendem realizar uma agenda preparat\u00f3ria de mobiliza\u00e7\u00e3o nas pr\u00f3ximas semanas. Esta agenda inclui a realiza\u00e7\u00e3o atividades dentro das universidades e Institutos Federais.<\/p>\n<p>Em 22 de maio, elas pretendem realizar um dia de \u201cuniversidade na rua\u201d, como prepara\u00e7\u00e3o para o dia 30.<\/p>\n<p>Al\u00e9m da defesa da educa\u00e7\u00e3o, todas as iniciativas visam a constru\u00e7\u00e3o da greve geral, contra a reforma da Previd\u00eancia. A greve geral est\u00e1 marcada para 14 de junho e foi acordada entre todas as centrais sindicais.<\/p>\n<p>Em 15 de maio, a comunidade escolar se levantou contra os cortes or\u00e7ament\u00e1rios anunciados pelo ministro da Educa\u00e7\u00e3o, Abraham Weintraub.<\/p>\n<p>Foi a primeira grande manifesta\u00e7\u00e3o contra o governo Bolsonaro. Em viagem aos Estados Unidos, no dia 15, o presidente chamou os manifestantes de \u201cidiotas \u00fateis\u201d.<\/p>\n<p>Houve manifesta\u00e7\u00f5es em 222 cidades, em todas as capitais, incluindo Bras\u00edlia. No Rio de Janeiro, o protesto contou com mais de 250 mil pessoas. Em S\u00e3o Paulo, foram 120 mil.<\/p>\n<p>Antes da grande greve do dia 15, a comunidade escolar adotou medidas para levar a universidade para a sociedade. Foram aulas p\u00fablicas e divulga\u00e7\u00f5es cient\u00edficas em pra\u00e7as, \u00f4nibus, parques.<\/p>\n<\/div>\n<div id=\"share-buttons\"><em>Fonte: Andes-SN<\/em><\/div>\n","protected":false},"excerpt":{"rendered":"<p>A luta em defesa da educa\u00e7\u00e3o p\u00fablica, gratuita e de qualidade ter\u00e1 uma nova rodada no dia 30 de maio. As entidades representativas de estudantes, professores, t\u00e9cnicos-administrativos preparam para a data mais um dia de lutas da educa\u00e7\u00e3o, em n\u00edvel nacional. A prepara\u00e7\u00e3o da nova mobiliza\u00e7\u00e3o do setor foi definida\u00a0em reuni\u00e3o\u00a0na sexta-feira (17). O encontro&hellip;<\/p>\n","protected":false},"author":3,"featured_media":0,"comment_status":"closed","ping_status":"closed","sticky":false,"template":"","format":"standard","meta":{"footnotes":""},"categories":[15],"tags":[1248,132,26],"class_list":["post-20578","post","type-post","status-publish","format-standard","hentry","category-noticias","tag-30-de-maio","tag-greve","tag-mobilizacao","category-15","description-off"],"_links":{"self":[{"href":"https:\/\/www.adufpb.org.br\/site\/wp-json\/wp\/v2\/posts\/20578","targetHints":{"allow":["GET"]}}],"collection":[{"href":"https:\/\/www.adufpb.org.br\/site\/wp-json\/wp\/v2\/posts"}],"about":[{"href":"https:\/\/www.adufpb.org.br\/site\/wp-json\/wp\/v2\/types\/post"}],"author":[{"embeddable":true,"href":"https:\/\/www.adufpb.org.br\/site\/wp-json\/wp\/v2\/users\/3"}],"replies":[{"embeddable":true,"href":"https:\/\/www.adufpb.org.br\/site\/wp-json\/wp\/v2\/comments?post=20578"}],"version-history":[{"count":1,"href":"https:\/\/www.adufpb.org.br\/site\/wp-json\/wp\/v2\/posts\/20578\/revisions"}],"predecessor-version":[{"id":20579,"href":"https:\/\/www.adufpb.org.br\/site\/wp-json\/wp\/v2\/posts\/20578\/revisions\/20579"}],"wp:attachment":[{"href":"https:\/\/www.adufpb.org.br\/site\/wp-json\/wp\/v2\/media?parent=20578"}],"wp:term":[{"taxonomy":"category","embeddable":true,"href":"https:\/\/www.adufpb.org.br\/site\/wp-json\/wp\/v2\/categories?post=20578"},{"taxonomy":"post_tag","embeddable":true,"href":"https:\/\/www.adufpb.org.br\/site\/wp-json\/wp\/v2\/tags?post=20578"}],"curies":[{"name":"wp","href":"https:\/\/api.w.org\/{rel}","templated":true}]}}