{"id":2055,"date":"2011-09-20T13:40:54","date_gmt":"2011-09-20T17:40:54","guid":{"rendered":"http:\/\/www.adufpb.org.br\/site\/aos-que-enxergam\/"},"modified":"2011-09-20T13:40:54","modified_gmt":"2011-09-20T17:40:54","slug":"aos-que-enxergam","status":"publish","type":"post","link":"https:\/\/www.adufpb.org.br\/site\/aos-que-enxergam\/","title":{"rendered":"Aos que Enxergam"},"content":{"rendered":"<p>Rios de insens\u00edveis<br \/>\nnavegam em mar<br \/>\nnebuloso, na aus\u00eancia<br \/>\ndo \u00e9tico.<\/p>\n<p>Rios, seixos rolantes,<br \/>\na espuma cobre<br \/>\ne aplaca.<br \/>\nCorrompidas, abruptas<br \/>\ndecis\u00f5es pol\u00edticas<br \/>\nlastreiam o pa\u00eds<br \/>\ndos contrastes<br \/>\ncom fisiologismos.<\/p>\n<p>Abomin\u00e1veis esc\u00e2ndalos<br \/>\nacontecem como<br \/>\nterremotos em<br \/>\nuniverso de<br \/>\nescusos conceitos&#8230;<br \/>\nDe preconceitos e<br \/>\nrejeitos, homens<br \/>\nse nutrem no<br \/>\ndiuturno vendaval.<\/p>\n<p>Elites pol\u00edticas,<br \/>\nchamarisco,<br \/>\ncorruptos que<br \/>\nn\u00e3o representam,<br \/>\nchutam representados.<\/p>\n<p>Em palcos escabrosos,<br \/>\noceanografam paisagens<br \/>\nsoturnas de ferozes<br \/>\ninvestidas e massacres<br \/>\nsobre o c\u00e9u popular.<\/p>\n<p>Cultores da pseudo-<br \/>\ndemocracia olig\u00e1rquica,<br \/>\npermeiam o relic\u00e1rio<br \/>\nda lei e persuadem<br \/>\ncom objetivo demolidor.<\/p>\n<p>Fulminam rebentos<br \/>\ntransformadores<br \/>\ncom a\u00e7\u00f5es l\u00fagubres,<br \/>\ndesarticuladoras,<br \/>\nbarb\u00e1rie compulsiva.<\/p>\n<p>Perdidos pol\u00edticos<br \/>\nbrotam de elites<br \/>\ncomo ervas daninhas<br \/>\nno calor \u00famido<br \/>\ncorrendo ao ouro f\u00e1cil<br \/>\nno vil desejo bandido.<\/p>\n<p>Traem representados,<br \/>\nvendem sentimentos<br \/>\ncomo pipocas saltitantes<br \/>\nem fogo alto.<\/p>\n<p>Negociam o que tinham<br \/>\nde vergonha, como<br \/>\nmascates macabros,<br \/>\npela elegante pompa<br \/>\nem corredores palacianos.<\/p>\n<p>O v\u00e9u aur\u00edfero do vil<br \/>\nturva a perspectiva\u00e7\u00e3o<br \/>\nno oceano das ideias.<br \/>\nAgora, s\u00f3 fragmentos<br \/>\ndo xer\u00e9m pobre<br \/>\nde todos os dias, ca\u00f3ticos.<\/p>\n<p><strong>Marcos A. R. de Barros<\/strong><br \/>\n<em>Acad\u00eamico da APP<br \/>\nSetembro \/ 2011<\/em><\/p>\n","protected":false},"excerpt":{"rendered":"<p>Rios de insens\u00edveis navegam em mar nebuloso, na aus\u00eancia do \u00e9tico. Rios, seixos rolantes, a espuma cobre e aplaca. Corrompidas, abruptas decis\u00f5es pol\u00edticas lastreiam o pa\u00eds dos contrastes com fisiologismos. Abomin\u00e1veis esc\u00e2ndalos acontecem como terremotos em universo de escusos conceitos&#8230; De preconceitos e rejeitos, homens se nutrem no diuturno vendaval. Elites pol\u00edticas, chamarisco, corruptos que&hellip;<\/p>\n","protected":false},"author":1,"featured_media":0,"comment_status":"open","ping_status":"open","sticky":false,"template":"","format":"standard","meta":{"footnotes":""},"categories":[16],"tags":[],"class_list":["post-2055","post","type-post","status-publish","format-standard","hentry","category-artigos","category-16","description-off"],"_links":{"self":[{"href":"https:\/\/www.adufpb.org.br\/site\/wp-json\/wp\/v2\/posts\/2055","targetHints":{"allow":["GET"]}}],"collection":[{"href":"https:\/\/www.adufpb.org.br\/site\/wp-json\/wp\/v2\/posts"}],"about":[{"href":"https:\/\/www.adufpb.org.br\/site\/wp-json\/wp\/v2\/types\/post"}],"author":[{"embeddable":true,"href":"https:\/\/www.adufpb.org.br\/site\/wp-json\/wp\/v2\/users\/1"}],"replies":[{"embeddable":true,"href":"https:\/\/www.adufpb.org.br\/site\/wp-json\/wp\/v2\/comments?post=2055"}],"version-history":[{"count":0,"href":"https:\/\/www.adufpb.org.br\/site\/wp-json\/wp\/v2\/posts\/2055\/revisions"}],"wp:attachment":[{"href":"https:\/\/www.adufpb.org.br\/site\/wp-json\/wp\/v2\/media?parent=2055"}],"wp:term":[{"taxonomy":"category","embeddable":true,"href":"https:\/\/www.adufpb.org.br\/site\/wp-json\/wp\/v2\/categories?post=2055"},{"taxonomy":"post_tag","embeddable":true,"href":"https:\/\/www.adufpb.org.br\/site\/wp-json\/wp\/v2\/tags?post=2055"}],"curies":[{"name":"wp","href":"https:\/\/api.w.org\/{rel}","templated":true}]}}