{"id":2038,"date":"2011-09-14T14:28:46","date_gmt":"2011-09-14T18:28:46","guid":{"rendered":"http:\/\/www.adufpb.org.br\/site\/docentes-da-ufpb-se-mobilizam-para-cobrar-compromisso-do-governo\/"},"modified":"2011-09-16T10:08:36","modified_gmt":"2011-09-16T14:08:36","slug":"docentes-da-ufpb-se-mobilizam-para-cobrar-compromisso-do-governo","status":"publish","type":"post","link":"https:\/\/www.adufpb.org.br\/site\/docentes-da-ufpb-se-mobilizam-para-cobrar-compromisso-do-governo\/","title":{"rendered":"Docentes da UFPB se mobilizam para cobrar compromisso do Governo"},"content":{"rendered":"<p><a href=\"http:\/\/www.adufpb.org.br\/site\/wp-content\/uploads\/2011\/09\/MOBILIZA\u00c7\u00c3O-08-menor.jpg\"><img loading=\"lazy\" decoding=\"async\" class=\"alignleft size-medium wp-image-2031\" title=\"MOBILIZA\u00c7\u00c3O 08 - menor\" src=\"http:\/\/www.adufpb.org.br\/site\/wp-content\/uploads\/2011\/09\/MOBILIZA\u00c7\u00c3O-08-menor-300x205.jpg\" alt=\"MOBILIZA\u00c7\u00c3O 08 - menor\" width=\"300\" height=\"205\" srcset=\"https:\/\/www.adufpb.org.br\/site\/wp-content\/uploads\/2011\/09\/MOBILIZA\u00c7\u00c3O-08-menor-300x205.jpg 300w, https:\/\/www.adufpb.org.br\/site\/wp-content\/uploads\/2011\/09\/MOBILIZA\u00c7\u00c3O-08-menor.jpg 1024w\" sizes=\"auto, (max-width: 300px) 100vw, 300px\" \/><\/a>A ADUFPB realizou nesta quarta-feira (14) um Dia de Mobiliza\u00e7\u00e3o para manter a comunidade universit\u00e1ria alerta ao in\u00edcio das atividades do Grupo de Trabalho que ir\u00e1 discutir a reestrutura\u00e7\u00e3o da carreira docente.<\/p>\n<p>Ao longo do dia, representantes da Diretoria do Sindicato realizaram debates em quatro centros do Campus I, em Jo\u00e3o Pessoa, e no audit\u00f3rio da Reitoria, tratando de temas como a crise da universidade hoje e a precariza\u00e7\u00e3o do trabalho docente.<\/p>\n<p>De acordo com o presidente da ADUFPB, Ricardo Lucena, o desejo da entidade \u00e9 que haja uma mobiliza\u00e7\u00e3o crescente envolvendo n\u00e3o s\u00f3 os professores, mas tamb\u00e9m os estudantes e os funcion\u00e1rios para constru\u00e7\u00e3o de uma pauta local.<\/p>\n<p>Tamb\u00e9m na quarta-feira, o ANDES-SN participou da primeira reuni\u00e3o com os Minist\u00e9rios do Planejamento (MP) e da Educa\u00e7\u00e3o (MEC) e com outras entidades, para come\u00e7ar os trabalhos acerca da reestrutura\u00e7\u00e3o da carreira docente, apontando a perspectiva de unifica\u00e7\u00e3o das carreiras e cargos dos professores federais.<\/p>\n<p>A forma\u00e7\u00e3o do grupo de trabalho foi determinada durante as negocia\u00e7\u00f5es em torno da pauta de reivindica\u00e7\u00f5es apresentada pelo Sindicato Nacional ao MP e est\u00e1 prevista no acordo emergencial assinado pela entidade com o governo.<\/p>\n<p><a href=\"http:\/\/www.adufpb.org.br\/site\/wp-content\/uploads\/2011\/09\/MOBILIZA\u00c7\u00c3O-05-menor.jpg\"><img loading=\"lazy\" decoding=\"async\" class=\"alignright size-medium wp-image-2033\" title=\"MOBILIZA\u00c7\u00c3O 05 - menor\" src=\"http:\/\/www.adufpb.org.br\/site\/wp-content\/uploads\/2011\/09\/MOBILIZA\u00c7\u00c3O-05-menor-300x171.jpg\" alt=\"MOBILIZA\u00c7\u00c3O 05 - menor\" width=\"300\" height=\"171\" srcset=\"https:\/\/www.adufpb.org.br\/site\/wp-content\/uploads\/2011\/09\/MOBILIZA\u00c7\u00c3O-05-menor-300x171.jpg 300w, https:\/\/www.adufpb.org.br\/site\/wp-content\/uploads\/2011\/09\/MOBILIZA\u00c7\u00c3O-05-menor.jpg 1024w\" sizes=\"auto, (max-width: 300px) 100vw, 300px\" \/><\/a>Nesta reuni\u00e3o, dever\u00e1 ser tra\u00e7ado um calend\u00e1rio de encontros para determinar a metodologia e o ritmo dos trabalhos, que devem ser finalizados at\u00e9 31 de mar\u00e7o do pr\u00f3ximo ano.<\/p>\n<p><strong>Mobiliza\u00e7\u00e3o<\/strong><\/p>\n<p>O Sindicato Nacional vem solicitando que a categoria se mantenha mobilizada como forma de pressionar o governo e garantir que reformula\u00e7\u00e3o da carreira seja implementada de acordo com o projeto defendido pelo movimento docente e referendado no \u00faltimo congresso do ANDES-SN. Se\u00e7\u00f5es sindicais de v\u00e1rios estados realizar\u00e3o, nesta quarta-feira, um dia de mobiliza\u00e7\u00e3o, com paralisa\u00e7\u00e3o das atividades docentes.<\/p>\n<p><a href=\"http:\/\/www.adufpb.org.br\/site\/wp-content\/uploads\/2011\/09\/MOBILIZA\u00c7\u00c3O-03-menor.jpg\"><img loading=\"lazy\" decoding=\"async\" class=\"aligncenter size-medium wp-image-2035\" title=\"MOBILIZA\u00c7\u00c3O 03 - menor\" src=\"http:\/\/www.adufpb.org.br\/site\/wp-content\/uploads\/2011\/09\/MOBILIZA\u00c7\u00c3O-03-menor-300x193.jpg\" alt=\"MOBILIZA\u00c7\u00c3O 03 - menor\" width=\"300\" height=\"193\" srcset=\"https:\/\/www.adufpb.org.br\/site\/wp-content\/uploads\/2011\/09\/MOBILIZA\u00c7\u00c3O-03-menor-300x193.jpg 300w, https:\/\/www.adufpb.org.br\/site\/wp-content\/uploads\/2011\/09\/MOBILIZA\u00c7\u00c3O-03-menor.jpg 1024w\" sizes=\"auto, (max-width: 300px) 100vw, 300px\" \/><\/a><\/p>\n<p><a href=\"http:\/\/www.adufpb.org.br\/site\/wp-content\/uploads\/2011\/09\/MOBILIZA\u00c7\u00c3O-04-menor.jpg\"><img loading=\"lazy\" decoding=\"async\" class=\"aligncenter size-medium wp-image-2034\" title=\"MOBILIZA\u00c7\u00c3O 04 - menor\" src=\"http:\/\/www.adufpb.org.br\/site\/wp-content\/uploads\/2011\/09\/MOBILIZA\u00c7\u00c3O-04-menor-199x300.jpg\" alt=\"MOBILIZA\u00c7\u00c3O 04 - menor\" width=\"199\" height=\"300\" srcset=\"https:\/\/www.adufpb.org.br\/site\/wp-content\/uploads\/2011\/09\/MOBILIZA\u00c7\u00c3O-04-menor-199x300.jpg 199w, https:\/\/www.adufpb.org.br\/site\/wp-content\/uploads\/2011\/09\/MOBILIZA\u00c7\u00c3O-04-menor.jpg 681w\" sizes=\"auto, (max-width: 199px) 100vw, 199px\" \/><\/a><\/p>\n<p><a href=\"http:\/\/www.adufpb.org.br\/site\/wp-content\/uploads\/2011\/09\/MOBILIZA\u00c7\u00c3O-06-menor.jpg\"><img loading=\"lazy\" decoding=\"async\" class=\"aligncenter size-medium wp-image-2032\" title=\"MOBILIZA\u00c7\u00c3O 06 - menor\" src=\"http:\/\/www.adufpb.org.br\/site\/wp-content\/uploads\/2011\/09\/MOBILIZA\u00c7\u00c3O-06-menor-300x203.jpg\" alt=\"MOBILIZA\u00c7\u00c3O 06 - menor\" width=\"300\" height=\"203\" srcset=\"https:\/\/www.adufpb.org.br\/site\/wp-content\/uploads\/2011\/09\/MOBILIZA\u00c7\u00c3O-06-menor-300x203.jpg 300w, https:\/\/www.adufpb.org.br\/site\/wp-content\/uploads\/2011\/09\/MOBILIZA\u00c7\u00c3O-06-menor.jpg 1024w\" sizes=\"auto, (max-width: 300px) 100vw, 300px\" \/><\/a><\/p>\n<p><em>Fonte: Ascom ADUFPB e ANDES-SN<\/em><\/p>\n","protected":false},"excerpt":{"rendered":"<p>A ADUFPB realizou nesta quarta-feira (14) um Dia de Mobiliza\u00e7\u00e3o para manter a comunidade universit\u00e1ria alerta ao in\u00edcio das atividades do Grupo de Trabalho que ir\u00e1 discutir a reestrutura\u00e7\u00e3o da carreira docente. Ao longo do dia, representantes da Diretoria do Sindicato realizaram debates em quatro centros do Campus I, em Jo\u00e3o Pessoa, e no audit\u00f3rio&hellip;<\/p>\n","protected":false},"author":3,"featured_media":0,"comment_status":"open","ping_status":"open","sticky":false,"template":"","format":"standard","meta":{"footnotes":""},"categories":[15],"tags":[190,25],"class_list":["post-2038","post","type-post","status-publish","format-standard","hentry","category-noticias","tag-campanha-salarial-2011","tag-carreira-docente","category-15","description-off"],"_links":{"self":[{"href":"https:\/\/www.adufpb.org.br\/site\/wp-json\/wp\/v2\/posts\/2038","targetHints":{"allow":["GET"]}}],"collection":[{"href":"https:\/\/www.adufpb.org.br\/site\/wp-json\/wp\/v2\/posts"}],"about":[{"href":"https:\/\/www.adufpb.org.br\/site\/wp-json\/wp\/v2\/types\/post"}],"author":[{"embeddable":true,"href":"https:\/\/www.adufpb.org.br\/site\/wp-json\/wp\/v2\/users\/3"}],"replies":[{"embeddable":true,"href":"https:\/\/www.adufpb.org.br\/site\/wp-json\/wp\/v2\/comments?post=2038"}],"version-history":[{"count":2,"href":"https:\/\/www.adufpb.org.br\/site\/wp-json\/wp\/v2\/posts\/2038\/revisions"}],"predecessor-version":[{"id":2050,"href":"https:\/\/www.adufpb.org.br\/site\/wp-json\/wp\/v2\/posts\/2038\/revisions\/2050"}],"wp:attachment":[{"href":"https:\/\/www.adufpb.org.br\/site\/wp-json\/wp\/v2\/media?parent=2038"}],"wp:term":[{"taxonomy":"category","embeddable":true,"href":"https:\/\/www.adufpb.org.br\/site\/wp-json\/wp\/v2\/categories?post=2038"},{"taxonomy":"post_tag","embeddable":true,"href":"https:\/\/www.adufpb.org.br\/site\/wp-json\/wp\/v2\/tags?post=2038"}],"curies":[{"name":"wp","href":"https:\/\/api.w.org\/{rel}","templated":true}]}}