{"id":20368,"date":"2019-05-07T16:20:00","date_gmt":"2019-05-07T19:20:00","guid":{"rendered":"http:\/\/www.adufpb.org.br\/site\/?p=20368"},"modified":"2019-05-08T12:47:55","modified_gmt":"2019-05-08T15:47:55","slug":"assembleia-expoe-orcamento-da-ufpb-e-discute-cortes","status":"publish","type":"post","link":"https:\/\/www.adufpb.org.br\/site\/assembleia-expoe-orcamento-da-ufpb-e-discute-cortes\/","title":{"rendered":"Assembleia exp\u00f5e or\u00e7amento da UFPB e discute cortes"},"content":{"rendered":"<p>Uma assembleia realizada nesta ter\u00e7a-feira (7) reuniu no audit\u00f3rio da reitoria, no campus I da Universidade Federal da Para\u00edba (UFPB), professores, estudantes e representantes da administra\u00e7\u00e3o da universidade para tratar dos cortes or\u00e7ament\u00e1rios anunciados pelo Governo Federal e que implicam na redu\u00e7\u00e3o de 30% dos valores esperados para o ano de 2019.<\/p>\n<p>Segundo a\u00a0 administra\u00e7\u00e3o superior da UFPB, o Minist\u00e9rio da Educa\u00e7\u00e3o (MEC) bloqueou R$ 44.742.865,00 de recursos de custeio e capital, correspondendo a 30% (trinta por cento) dos recursos previstos na Lei Or\u00e7ament\u00e1ria Anual (LOA) para 2019. A reitora Margareth Diniz ressaltou que, mesmo antes do an\u00fancio deste corte a UFPB j\u00e1 trabalhava com or\u00e7amento inferior \u00e0s suas necessidades. De acordo com os dados apresentados na assembleia, os cortes do MEC afetar\u00e3o em 45,5% do funcionamento cotidiano da universidade.<\/p>\n<p><a href=\"https:\/\/drive.google.com\/open?id=1oTlS2WSR72IivEJ-09N2Rq36IvccYQwL\" target=\"_blank\"><strong><\/strong><strong><img loading=\"lazy\" decoding=\"async\" class=\"alignright size-medium wp-image-20371\" alt=\"Assembleia_numeros01\" src=\"http:\/\/www.adufpb.org.br\/site\/wp-content\/uploads\/2019\/05\/Assembleia_numeros01-300x168.jpg\" width=\"300\" height=\"168\" srcset=\"https:\/\/www.adufpb.org.br\/site\/wp-content\/uploads\/2019\/05\/Assembleia_numeros01-300x168.jpg 300w, https:\/\/www.adufpb.org.br\/site\/wp-content\/uploads\/2019\/05\/Assembleia_numeros01.jpg 1024w\" sizes=\"auto, (max-width: 300px) 100vw, 300px\" \/>A apresenta\u00e7\u00e3o com todos os n\u00fameros apresentados pela reitoria pode ser conferida clicando aqui.<\/strong><\/a><\/p>\n<p>Foram bloqueados ainda 5,6 milh\u00f5es de reais de recursos de capital oriundos de emendas da bancada federal de deputados e senadores, chegando aos 32,75% (trinta e dois v\u00edrgula setenta e cinco por cento) de corte total, o que afeta profundamente o Hospital Veterin\u00e1rio, a Escola T\u00e9cnica de Sa\u00fade e o Col\u00e9gio Agr\u00edcola Vidal de Negreiros.<\/p>\n<p>Dados oficias mostram que a UFPB ocupa o 4\u00ba lugar no Brasil em registro de patentes; \u00e9 a 4\u00aa melhor Universidade do Nordeste e a 28\u00aa da Am\u00e9rica Latina; a 12\u00aa da Am\u00e9rica do Sul e 8\u00aa do Brasil em produ\u00e7\u00e3o de pesquisas em ci\u00eancias naturais. Essas e outras informa\u00e7\u00f5es constam do relat\u00f3rio apresentado nesta ter\u00e7a e disponibilizado pela ADUFPB nesta not\u00edcia.<\/p>\n<p style=\"text-align: center;\"><a href=\"http:\/\/www.adufpb.org.br\/site\/wp-content\/uploads\/2019\/05\/Assembleia_numeros02.jpg\"><img loading=\"lazy\" decoding=\"async\" class=\"aligncenter size-full wp-image-20372\" alt=\"Reitoria apresenta n\u00fameros do or\u00e7amento 2019 da UFPB\" src=\"http:\/\/www.adufpb.org.br\/site\/wp-content\/uploads\/2019\/05\/Assembleia_numeros02.jpg\" width=\"1024\" height=\"576\" srcset=\"https:\/\/www.adufpb.org.br\/site\/wp-content\/uploads\/2019\/05\/Assembleia_numeros02.jpg 1024w, https:\/\/www.adufpb.org.br\/site\/wp-content\/uploads\/2019\/05\/Assembleia_numeros02-300x168.jpg 300w\" sizes=\"auto, (max-width: 1024px) 100vw, 1024px\" \/><\/a><\/p>\n<p><em>Da ASCOM com Assessoria de Comunica\u00e7\u00e3o da UFPB<\/em><\/p>\n","protected":false},"excerpt":{"rendered":"<p>Uma assembleia realizada nesta ter\u00e7a-feira (7) reuniu no audit\u00f3rio da reitoria, no campus I da Universidade Federal da Para\u00edba (UFPB), professores, estudantes e representantes da administra\u00e7\u00e3o da universidade para tratar dos cortes or\u00e7ament\u00e1rios anunciados pelo Governo Federal e que implicam na redu\u00e7\u00e3o de 30% dos valores esperados para o ano de 2019. Segundo a\u00a0 administra\u00e7\u00e3o&hellip;<\/p>\n","protected":false},"author":8,"featured_media":20370,"comment_status":"closed","ping_status":"closed","sticky":false,"template":"","format":"standard","meta":{"footnotes":""},"categories":[15,417],"tags":[895,816,197,998],"class_list":["post-20368","post","type-post","status-publish","format-standard","has-post-thumbnail","hentry","category-noticias","category-noticias-destaque","tag-adufpb-2","tag-assembleia","tag-orcamento","tag-ufpb","category-15","category-417","description-off"],"_links":{"self":[{"href":"https:\/\/www.adufpb.org.br\/site\/wp-json\/wp\/v2\/posts\/20368","targetHints":{"allow":["GET"]}}],"collection":[{"href":"https:\/\/www.adufpb.org.br\/site\/wp-json\/wp\/v2\/posts"}],"about":[{"href":"https:\/\/www.adufpb.org.br\/site\/wp-json\/wp\/v2\/types\/post"}],"author":[{"embeddable":true,"href":"https:\/\/www.adufpb.org.br\/site\/wp-json\/wp\/v2\/users\/8"}],"replies":[{"embeddable":true,"href":"https:\/\/www.adufpb.org.br\/site\/wp-json\/wp\/v2\/comments?post=20368"}],"version-history":[{"count":8,"href":"https:\/\/www.adufpb.org.br\/site\/wp-json\/wp\/v2\/posts\/20368\/revisions"}],"predecessor-version":[{"id":20379,"href":"https:\/\/www.adufpb.org.br\/site\/wp-json\/wp\/v2\/posts\/20368\/revisions\/20379"}],"wp:featuredmedia":[{"embeddable":true,"href":"https:\/\/www.adufpb.org.br\/site\/wp-json\/wp\/v2\/media\/20370"}],"wp:attachment":[{"href":"https:\/\/www.adufpb.org.br\/site\/wp-json\/wp\/v2\/media?parent=20368"}],"wp:term":[{"taxonomy":"category","embeddable":true,"href":"https:\/\/www.adufpb.org.br\/site\/wp-json\/wp\/v2\/categories?post=20368"},{"taxonomy":"post_tag","embeddable":true,"href":"https:\/\/www.adufpb.org.br\/site\/wp-json\/wp\/v2\/tags?post=20368"}],"curies":[{"name":"wp","href":"https:\/\/api.w.org\/{rel}","templated":true}]}}