{"id":20334,"date":"2019-05-02T11:13:23","date_gmt":"2019-05-02T14:13:23","guid":{"rendered":"http:\/\/www.adufpb.org.br\/site\/?p=20334"},"modified":"2019-05-02T11:13:23","modified_gmt":"2019-05-02T14:13:23","slug":"andes-sn-inicia-acoes-multimidia-em-defesa-da-liberdade-de-ensinar-e-aprender","status":"publish","type":"post","link":"https:\/\/www.adufpb.org.br\/site\/andes-sn-inicia-acoes-multimidia-em-defesa-da-liberdade-de-ensinar-e-aprender\/","title":{"rendered":"ANDES-SN inicia a\u00e7\u00f5es multim\u00eddia em defesa da liberdade de ensinar e aprender"},"content":{"rendered":"<p><a href=\"http:\/\/www.adufpb.org.br\/site\/wp-content\/uploads\/2019\/05\/Campanha-Andes-liberdade-de-ensinar-e-aprender.jpg\"><img loading=\"lazy\" decoding=\"async\" class=\"alignright size-medium wp-image-20335\" alt=\"Campanha Andes liberdade de ensinar e aprender\" src=\"http:\/\/www.adufpb.org.br\/site\/wp-content\/uploads\/2019\/05\/Campanha-Andes-liberdade-de-ensinar-e-aprender-300x200.jpg\" width=\"300\" height=\"200\" srcset=\"https:\/\/www.adufpb.org.br\/site\/wp-content\/uploads\/2019\/05\/Campanha-Andes-liberdade-de-ensinar-e-aprender-300x200.jpg 300w, https:\/\/www.adufpb.org.br\/site\/wp-content\/uploads\/2019\/05\/Campanha-Andes-liberdade-de-ensinar-e-aprender-1024x683.jpg 1024w, https:\/\/www.adufpb.org.br\/site\/wp-content\/uploads\/2019\/05\/Campanha-Andes-liberdade-de-ensinar-e-aprender.jpg 1520w\" sizes=\"auto, (max-width: 300px) 100vw, 300px\" \/><\/a>Para fazer frente \u00e0 onda de persegui\u00e7\u00e3o e de criminaliza\u00e7\u00e3o de professores e aos cortes de verbas, o ANDES-SN est\u00e1 iniciando a\u00e7\u00f5es multim\u00eddia. A ideia \u00e9 que as mobiliza\u00e7\u00f5es no interior das institui\u00e7\u00f5es de ensino sejam unificadas pelo selo:\u00a0\u201cLiberdade de ensinar e aprender: por uma educa\u00e7\u00e3o, ci\u00eancia e tecnologia p\u00fablicas\u201d.<\/p>\n<p>As a\u00e7\u00f5es multim\u00eddia cumprem resolu\u00e7\u00f5es do 38\u00ba Congresso do ANDES-SN, realizado em janeiro, em Bel\u00e9m, Par\u00e1. No evento, foi aprovado que o ANDES-SN adotasse iniciativas que defendessem a educa\u00e7\u00e3o p\u00fablica e gratuita e uma ci\u00eancia e tecnologia p\u00fablica. Assim como, as liberdades democr\u00e1ticas, a autonomia universit\u00e1ria e a liberdade de ensinar e de aprender.<\/p>\n<p>Os casos de persegui\u00e7\u00e3o e de criminaliza\u00e7\u00e3o de professores t\u00eam aumentado desde ent\u00e3o. O professor Pedro Mara, por exemplo,<a href=\"http:\/\/www.andes.org.br\/sites\/circulares\/page:11\" target=\"_blank\">\u00a0estava sendo vigiado pelos<\/a>\u00a0acusados de terem executado Marielle Franco. Ele teve que sair do Rio de Janeiro e o Estado abriu um processo administrativo que pode resultar em sua demiss\u00e3o.\u00a0<a href=\"http:\/\/www.andes.org.br\/conteudos\/noticia\/nota-da-direcao-nacional-sobre-a-prisao-da-dirigente-do-sinasefe-camila-marques0\" target=\"_blank\">A professora Camila Marques<\/a>, dirigente do Sinasefe, foi presa dentro de um Instituto Federal quando tentou impedir uma a\u00e7\u00e3o da PM contra alunos. H\u00e1 casos de amea\u00e7as\u00a0<a href=\"http:\/\/www.andes.org.br\/sites\/circulares\/page:2\" target=\"_blank\">de morte contra professores na UFPR<\/a>.<\/p>\n<p>A ideia \u00e9 que o selo seja utilizado na produ\u00e7\u00e3o de materiais a serem divulgados no interior das institui\u00e7\u00f5es de ensino. Assim, a\u00e7\u00f5es que visem debater a situa\u00e7\u00e3o da educa\u00e7\u00e3o p\u00fablica diante da Emenda Constitucional 95 e dos cortes de verbas estar\u00e3o unificadas sob a mesma identidade visual. Em circular, a diretoria do ANDES-SN pontua que al\u00e9m dos cortes de verbas para a ci\u00eancia e tecnologia, o selo tamb\u00e9m unifica a luta contra a persegui\u00e7\u00e3o a docentes.<\/p>\n<p><a href=\"http:\/\/www.adufpb.org.br\/site\/wp-content\/uploads\/2019\/05\/campanha-Andes-educa\u00e7ao_nao_se_faz_com_repressao_post.jpg\"><img loading=\"lazy\" decoding=\"async\" class=\"alignleft size-medium wp-image-20336\" alt=\"campanha Andes - educa\u00e7ao_nao_se_faz_com_repressao_post\" src=\"http:\/\/www.adufpb.org.br\/site\/wp-content\/uploads\/2019\/05\/campanha-Andes-educa\u00e7ao_nao_se_faz_com_repressao_post-300x300.jpg\" width=\"300\" height=\"300\" srcset=\"https:\/\/www.adufpb.org.br\/site\/wp-content\/uploads\/2019\/05\/campanha-Andes-educa\u00e7ao_nao_se_faz_com_repressao_post-300x300.jpg 300w, https:\/\/www.adufpb.org.br\/site\/wp-content\/uploads\/2019\/05\/campanha-Andes-educa\u00e7ao_nao_se_faz_com_repressao_post-150x150.jpg 150w, https:\/\/www.adufpb.org.br\/site\/wp-content\/uploads\/2019\/05\/campanha-Andes-educa\u00e7ao_nao_se_faz_com_repressao_post-1024x1024.jpg 1024w, https:\/\/www.adufpb.org.br\/site\/wp-content\/uploads\/2019\/05\/campanha-Andes-educa\u00e7ao_nao_se_faz_com_repressao_post.jpg 1100w\" sizes=\"auto, (max-width: 300px) 100vw, 300px\" \/><\/a>A dire\u00e7\u00e3o do ANDES-SN indica 30 de abril como data para o in\u00edcio da intensifica\u00e7\u00e3o das a\u00e7\u00f5es e utiliza\u00e7\u00e3o do selo. Neste dia, ocorrer\u00e1 a audi\u00eancia judicial da professora Camila Marques\u00a0que est\u00e1 sendo acusada de \u201ccrime de desobedi\u00eancia\u201d. O Sinasefe est\u00e1 organizando um\u00a0\u201cDia Nacional de Luta: Educa\u00e7\u00e3o n\u00e3o se faz com repress\u00e3o!\u201d.<\/p>\n<div>\n<div id=\"noticia-descricao\">\n<p>\u201cEntendemos que \u00e9 de enorme import\u00e2ncia que as se\u00e7\u00f5es sindicais divulguem a arte e, se poss\u00edvel, realizem atividades ao longo da pr\u00f3xima semana\u201d, afirma a dire\u00e7\u00e3o do ANDES-SN, na circular.<\/p>\n<p>Outros materiais ser\u00e3o divulgados ao longo das semanas, como v\u00eddeos e artes para m\u00eddias digitais. Todos eles tratar\u00e3o das pautas aprovadas pela categoria: em defesa da educa\u00e7\u00e3o, ci\u00eancia e tecnologia, previd\u00eancia e sa\u00fade p\u00fablicas.<\/p>\n<p>A dire\u00e7\u00e3o do ANDES-SN destaca a import\u00e2ncia de as se\u00e7\u00f5es sindicais constru\u00edrem, junto a outros segmentos da classe trabalhadora, atividades seguindo o calend\u00e1rio abaixo:<\/p>\n<p>01\/05\u00a0\u2013 Dia Trabalhador(a) &#8211; constru\u00e7\u00e3o de atos unificados contra a reforma da previd\u00eancia;<\/p>\n<p>08 e 09\/05\u00a0\u2013 a\u00e7\u00f5es em defesa da ci\u00eancia e tecnologia p\u00fablicas e contra os cortes em Bras\u00edlia;<\/p>\n<p>15\/05\u00a0\u2013 greve\/ paralisa\u00e7\u00e3o nacional da educa\u00e7\u00e3o;<\/p>\n<p>20\/05 a 24\/05\u00a0\u2013 semana nacional de lutas das IEES\/IMES.<\/p>\n<p><em>Fonte: Andes-SN<\/em><\/p>\n<\/div>\n<\/div>\n","protected":false},"excerpt":{"rendered":"<p>Para fazer frente \u00e0 onda de persegui\u00e7\u00e3o e de criminaliza\u00e7\u00e3o de professores e aos cortes de verbas, o ANDES-SN est\u00e1 iniciando a\u00e7\u00f5es multim\u00eddia. A ideia \u00e9 que as mobiliza\u00e7\u00f5es no interior das institui\u00e7\u00f5es de ensino sejam unificadas pelo selo:\u00a0\u201cLiberdade de ensinar e aprender: por uma educa\u00e7\u00e3o, ci\u00eancia e tecnologia p\u00fablicas\u201d. As a\u00e7\u00f5es multim\u00eddia cumprem resolu\u00e7\u00f5es&hellip;<\/p>\n","protected":false},"author":3,"featured_media":0,"comment_status":"closed","ping_status":"closed","sticky":false,"template":"","format":"standard","meta":{"footnotes":""},"categories":[15],"tags":[],"class_list":["post-20334","post","type-post","status-publish","format-standard","hentry","category-noticias","category-15","description-off"],"_links":{"self":[{"href":"https:\/\/www.adufpb.org.br\/site\/wp-json\/wp\/v2\/posts\/20334","targetHints":{"allow":["GET"]}}],"collection":[{"href":"https:\/\/www.adufpb.org.br\/site\/wp-json\/wp\/v2\/posts"}],"about":[{"href":"https:\/\/www.adufpb.org.br\/site\/wp-json\/wp\/v2\/types\/post"}],"author":[{"embeddable":true,"href":"https:\/\/www.adufpb.org.br\/site\/wp-json\/wp\/v2\/users\/3"}],"replies":[{"embeddable":true,"href":"https:\/\/www.adufpb.org.br\/site\/wp-json\/wp\/v2\/comments?post=20334"}],"version-history":[{"count":1,"href":"https:\/\/www.adufpb.org.br\/site\/wp-json\/wp\/v2\/posts\/20334\/revisions"}],"predecessor-version":[{"id":20337,"href":"https:\/\/www.adufpb.org.br\/site\/wp-json\/wp\/v2\/posts\/20334\/revisions\/20337"}],"wp:attachment":[{"href":"https:\/\/www.adufpb.org.br\/site\/wp-json\/wp\/v2\/media?parent=20334"}],"wp:term":[{"taxonomy":"category","embeddable":true,"href":"https:\/\/www.adufpb.org.br\/site\/wp-json\/wp\/v2\/categories?post=20334"},{"taxonomy":"post_tag","embeddable":true,"href":"https:\/\/www.adufpb.org.br\/site\/wp-json\/wp\/v2\/tags?post=20334"}],"curies":[{"name":"wp","href":"https:\/\/api.w.org\/{rel}","templated":true}]}}