{"id":20316,"date":"2019-04-25T12:13:00","date_gmt":"2019-04-25T15:13:00","guid":{"rendered":"http:\/\/www.adufpb.org.br\/site\/?p=20316"},"modified":"2019-04-29T11:02:54","modified_gmt":"2019-04-29T14:02:54","slug":"cafe-com-previdencia-conscientiza-comunidade-universitaria-sobre-ataques-as-aposentadorias","status":"publish","type":"post","link":"https:\/\/www.adufpb.org.br\/site\/cafe-com-previdencia-conscientiza-comunidade-universitaria-sobre-ataques-as-aposentadorias\/","title":{"rendered":"\u201cCaf\u00e9 com Previd\u00eancia\u201d conscientiza comunidade universit\u00e1ria sobre ataques \u00e0s aposentadorias"},"content":{"rendered":"<p dir=\"ltr\">Uma aula-debate sobre a fal\u00e1cia do d\u00e9ficit da Previd\u00eancia abriu as atividades de mobiliza\u00e7\u00e3o que est\u00e3o sendo realizadas nesta quinta-feira (25) no campus I da UFPB. O professor do Departamento de Finan\u00e7as e Contabilidade, Edson Franco, apresentou dados que contradizem o argumento de que a Seguridade Social est\u00e1 quebrada e detalhou pontos da reforma proposta por Bolsonaro que atacam diretamente o direito a uma aposentadoria digna.<a href=\"http:\/\/www.adufpb.org.br\/site\/wp-content\/uploads\/2019\/04\/cartaz.jpeg\"><img loading=\"lazy\" decoding=\"async\" class=\"alignright size-medium wp-image-20323\" alt=\"cartaz\" src=\"http:\/\/www.adufpb.org.br\/site\/wp-content\/uploads\/2019\/04\/cartaz-212x300.jpeg\" width=\"212\" height=\"300\" srcset=\"https:\/\/www.adufpb.org.br\/site\/wp-content\/uploads\/2019\/04\/cartaz-212x300.jpeg 212w, https:\/\/www.adufpb.org.br\/site\/wp-content\/uploads\/2019\/04\/cartaz-725x1024.jpeg 725w, https:\/\/www.adufpb.org.br\/site\/wp-content\/uploads\/2019\/04\/cartaz.jpeg 907w\" sizes=\"auto, (max-width: 212px) 100vw, 212px\" \/><\/a><\/p>\n<p dir=\"ltr\">Na sequ\u00eancia, o professor Fernando Cunha, vice-presidente da ADUFPB, falou sobre as atividades de mobiliza\u00e7\u00e3o que a entidade vem e se engajando para conscientizar a popula\u00e7\u00e3o sobre os perigos da reforma da Previd\u00eancia. No dia 1\u00ba de maio, quando se comemora o Dia do Trabalhador, entidades sindicais e de movimentos sociais da Para\u00edba v\u00e3o realizar um protesto que ter\u00e1 como principal bandeira a defesa da Seguridade Social. A atividade ter\u00e1 concentra\u00e7\u00e3o \u00e0s 14h, em frente ao Centro de Zoonoses, localizado na avenida principal dos Banc\u00e1rios. Em seguida, os manifestantes seguir\u00e3o em marcha pelo bairro de Mangabeira.<\/p>\n<p dir=\"ltr\">O &#8220;Caf\u00e9 com Previd\u00eancia&#8221; realizado nesta quinta-feira foi promovido pela comiss\u00e3o de mobiliza\u00e7\u00e3o da ADUFPB contra a reforma. Trata-se do \u00a0\u201cCaf\u00e9 com Previd\u00eancia\u201d, que tem como proposta percorrer os diversos centros da UFPB tanto em Jo\u00e3o Pessoa quanto nos campi de interior.<\/p>\n<p dir=\"ltr\">A primeira edi\u00e7\u00e3o est\u00e1 sendo realizada durante todo o dia na Pra\u00e7a da Alegria do CCHLA, no campus I. Al\u00e9m da aula-debate realizada pela manh\u00e3, foi instalado um espa\u00e7o fixo para receber as pessoas, distribuir material informativo, explicar o sistema de Seguridade Social e receber assinaturas para o abaixo assinado contra o projeto de reforma da Previd\u00eancia (PEC n\u00ba 06\/2019). Esse espa\u00e7o ser\u00e1 aberto tamb\u00e9m no per\u00edodo da tarde, a partir das 15h, com debates e conversas sobre o significado da Seguridade Social.<\/p>\n<p dir=\"ltr\">J\u00e1 \u00e0s 17h, tamb\u00e9m na pra\u00e7a do CCHLA, o Cineclube Soy Loco por Ti Am\u00e9rica exibir\u00e1 o filme \u201cEu, Daniel Blacke\u201d, longa-metragem produzido no Reino Unido, Fran\u00e7a e B\u00e9lgica que fala sobre desemprego e desamparo do Estado, e faz uma cr\u00edtica \u00e0 precariza\u00e7\u00e3o dos servi\u00e7os p\u00fablicos e dos direitos sociais na globaliza\u00e7\u00e3o. Ap\u00f3s o filme, haver\u00e1 um debate com os professores Arturo Gouveia, Daniel Antiquera e Jaldes Meneses.<\/p>\n\n\t\t\t<style type='text\/css'>\n\t\t\t\t#gallery-1 {\n\t\t\t\t\tmargin: auto;\n\t\t\t\t}\n\t\t\t\t#gallery-1 .gallery-item {\n\t\t\t\t\tfloat: left;\n\t\t\t\t\tmargin-top: 10px;\n\t\t\t\t\ttext-align: center;\n\t\t\t\t\twidth: 33%;\n\t\t\t\t}\n\t\t\t\t#gallery-1 img {\n\t\t\t\t\tborder: 2px solid #cfcfcf;\n\t\t\t\t}\n\t\t\t\t#gallery-1 .gallery-caption {\n\t\t\t\t\tmargin-left: 0;\n\t\t\t\t}\n\t\t\t\t\/* see gallery_shortcode() in wp-includes\/media.php *\/\n\t\t\t<\/style>\n\t\t<div id='gallery-1' class='dt-gallery-container gallery galleryid-20316 gallery-columns-3 gallery-size-thumbnail'><dl class='gallery-item'>\n\t\t\t\t<dt class='gallery-icon portrait'>\n\t\t\t\t\t<a class=\"rollover\" href='https:\/\/www.adufpb.org.br\/site\/cafe-com-previdencia-conscientiza-comunidade-universitaria-sobre-ataques-as-aposentadorias\/2019-04-25-cafe-com-previdencia-2\/'><img loading=\"lazy\" decoding=\"async\" width=\"150\" height=\"150\" src=\"https:\/\/www.adufpb.org.br\/site\/wp-content\/uploads\/2019\/04\/2019.04.25-caf\u00e9-com-previd\u00eancia-2-150x150.jpeg\" class=\"attachment-thumbnail size-thumbnail\" alt=\"\" \/><\/a>\n\t\t\t\t<\/dt><\/dl><dl class='gallery-item'>\n\t\t\t\t<dt class='gallery-icon portrait'>\n\t\t\t\t\t<a class=\"rollover\" href='https:\/\/www.adufpb.org.br\/site\/cafe-com-previdencia-conscientiza-comunidade-universitaria-sobre-ataques-as-aposentadorias\/2019-04-25-cafe-com-previdencia-3\/'><img loading=\"lazy\" decoding=\"async\" width=\"150\" height=\"150\" src=\"https:\/\/www.adufpb.org.br\/site\/wp-content\/uploads\/2019\/04\/2019.04.25-caf\u00e9-com-previd\u00eancia-3-150x150.jpeg\" class=\"attachment-thumbnail size-thumbnail\" alt=\"\" \/><\/a>\n\t\t\t\t<\/dt><\/dl><dl class='gallery-item'>\n\t\t\t\t<dt class='gallery-icon portrait'>\n\t\t\t\t\t<a class=\"rollover\" href='https:\/\/www.adufpb.org.br\/site\/cafe-com-previdencia-conscientiza-comunidade-universitaria-sobre-ataques-as-aposentadorias\/2019-04-25-cafe-com-previdencia-4\/'><img loading=\"lazy\" decoding=\"async\" width=\"150\" height=\"150\" src=\"https:\/\/www.adufpb.org.br\/site\/wp-content\/uploads\/2019\/04\/2019.04.25-caf\u00e9-com-previd\u00eancia-4-150x150.jpeg\" class=\"attachment-thumbnail size-thumbnail\" alt=\"\" \/><\/a>\n\t\t\t\t<\/dt><\/dl><br style=\"clear: both\" \/><dl class='gallery-item'>\n\t\t\t\t<dt class='gallery-icon portrait'>\n\t\t\t\t\t<a class=\"rollover\" href='https:\/\/www.adufpb.org.br\/site\/cafe-com-previdencia-conscientiza-comunidade-universitaria-sobre-ataques-as-aposentadorias\/2019-04-25-cafe-com-previdencia-5\/'><img loading=\"lazy\" decoding=\"async\" width=\"150\" height=\"150\" src=\"https:\/\/www.adufpb.org.br\/site\/wp-content\/uploads\/2019\/04\/2019.04.25-caf\u00e9-com-previd\u00eancia-5-150x150.jpeg\" class=\"attachment-thumbnail size-thumbnail\" alt=\"\" \/><\/a>\n\t\t\t\t<\/dt><\/dl><dl class='gallery-item'>\n\t\t\t\t<dt class='gallery-icon portrait'>\n\t\t\t\t\t<a class=\"rollover\" href='https:\/\/www.adufpb.org.br\/site\/cafe-com-previdencia-conscientiza-comunidade-universitaria-sobre-ataques-as-aposentadorias\/2019-04-25-cafe-com-previdencia-6\/'><img loading=\"lazy\" decoding=\"async\" width=\"150\" height=\"150\" src=\"https:\/\/www.adufpb.org.br\/site\/wp-content\/uploads\/2019\/04\/2019.04.25-caf\u00e9-com-previd\u00eancia-6-150x150.jpeg\" class=\"attachment-thumbnail size-thumbnail\" alt=\"\" \/><\/a>\n\t\t\t\t<\/dt><\/dl><dl class='gallery-item'>\n\t\t\t\t<dt class='gallery-icon landscape'>\n\t\t\t\t\t<a class=\"rollover\" href='https:\/\/www.adufpb.org.br\/site\/cafe-com-previdencia-conscientiza-comunidade-universitaria-sobre-ataques-as-aposentadorias\/2019-04-25-cafe-com-previdencia\/'><img loading=\"lazy\" decoding=\"async\" width=\"150\" height=\"150\" src=\"https:\/\/www.adufpb.org.br\/site\/wp-content\/uploads\/2019\/04\/2019.04.25-caf\u00e9-com-previd\u00eancia-150x150.jpeg\" class=\"attachment-thumbnail size-thumbnail\" alt=\"\" \/><\/a>\n\t\t\t\t<\/dt><\/dl><br style=\"clear: both\" \/>\n\t\t\t<\/div>\n\n<p><em>Fonte: Ascom ADUFPB<\/em><\/p>\n","protected":false},"excerpt":{"rendered":"<p>Uma aula-debate sobre a fal\u00e1cia do d\u00e9ficit da Previd\u00eancia abriu as atividades de mobiliza\u00e7\u00e3o que est\u00e3o sendo realizadas nesta quinta-feira (25) no campus I da UFPB. O professor do Departamento de Finan\u00e7as e Contabilidade, Edson Franco, apresentou dados que contradizem o argumento de que a Seguridade Social est\u00e1 quebrada e detalhou pontos da reforma proposta&hellip;<\/p>\n","protected":false},"author":3,"featured_media":20318,"comment_status":"closed","ping_status":"closed","sticky":false,"template":"","format":"standard","meta":{"footnotes":""},"categories":[15,417],"tags":[1236,199,883],"class_list":["post-20316","post","type-post","status-publish","format-standard","has-post-thumbnail","hentry","category-noticias","category-noticias-destaque","tag-cafe-com-previdencia","tag-previdencia","tag-reforma","category-15","category-417","description-off"],"_links":{"self":[{"href":"https:\/\/www.adufpb.org.br\/site\/wp-json\/wp\/v2\/posts\/20316","targetHints":{"allow":["GET"]}}],"collection":[{"href":"https:\/\/www.adufpb.org.br\/site\/wp-json\/wp\/v2\/posts"}],"about":[{"href":"https:\/\/www.adufpb.org.br\/site\/wp-json\/wp\/v2\/types\/post"}],"author":[{"embeddable":true,"href":"https:\/\/www.adufpb.org.br\/site\/wp-json\/wp\/v2\/users\/3"}],"replies":[{"embeddable":true,"href":"https:\/\/www.adufpb.org.br\/site\/wp-json\/wp\/v2\/comments?post=20316"}],"version-history":[{"count":3,"href":"https:\/\/www.adufpb.org.br\/site\/wp-json\/wp\/v2\/posts\/20316\/revisions"}],"predecessor-version":[{"id":20326,"href":"https:\/\/www.adufpb.org.br\/site\/wp-json\/wp\/v2\/posts\/20316\/revisions\/20326"}],"wp:featuredmedia":[{"embeddable":true,"href":"https:\/\/www.adufpb.org.br\/site\/wp-json\/wp\/v2\/media\/20318"}],"wp:attachment":[{"href":"https:\/\/www.adufpb.org.br\/site\/wp-json\/wp\/v2\/media?parent=20316"}],"wp:term":[{"taxonomy":"category","embeddable":true,"href":"https:\/\/www.adufpb.org.br\/site\/wp-json\/wp\/v2\/categories?post=20316"},{"taxonomy":"post_tag","embeddable":true,"href":"https:\/\/www.adufpb.org.br\/site\/wp-json\/wp\/v2\/tags?post=20316"}],"curies":[{"name":"wp","href":"https:\/\/api.w.org\/{rel}","templated":true}]}}