{"id":2015,"date":"2011-09-02T09:55:43","date_gmt":"2011-09-02T13:55:43","guid":{"rendered":"http:\/\/www.adufpb.org.br\/site\/representantes-das-ieesimes-definem-tema-do-8%c2%ba-encontro-nacional-do-setor\/"},"modified":"2011-09-02T09:55:43","modified_gmt":"2011-09-02T13:55:43","slug":"representantes-das-ieesimes-definem-tema-do-8%c2%ba-encontro-nacional-do-setor","status":"publish","type":"post","link":"https:\/\/www.adufpb.org.br\/site\/representantes-das-ieesimes-definem-tema-do-8%c2%ba-encontro-nacional-do-setor\/","title":{"rendered":"Representantes das Iees\/Imes definem tema do 8\u00ba Encontro Nacional do Setor"},"content":{"rendered":"<p>O fortalecimento do ANDES-SN e o processo de democratiza\u00e7\u00e3o do Setor das Institui\u00e7\u00f5es Estaduais de Ensino Superior (Iees) e Municipais de Ensino Superior (Imes) foi a tem\u00e1tica escolhida para 8\u00ba Encontro Nacional do Setor Iees\/Imes. O tema e a programa\u00e7\u00e3o do evento foram definidos da \u00faltima reuni\u00e3o do Setor, realizada nos dias 24 e 25 de agosto, na sede do ANDES-SN, em Bras\u00edlia.<\/p>\n<p>A oitava edi\u00e7\u00e3o do encontro acontece na Universidade Estadual do Rio de Janeiro (UERJ), entre os dias 21 e 23 de outubro. Para o primeiro dia est\u00e1 previsto um ciclo de palestras e debates com os temas \u201cAutonomia e democracia nas Universidades Estaduais e Municipais\u201d e \u201cPol\u00edticas de reestrutura\u00e7\u00e3o do Estado brasileiro e sua implementa\u00e7\u00e3o nos Estados e munic\u00edpios\u201d.<\/p>\n<p>Durante o s\u00e1bado (22), os participantes se dividir\u00e3o em quatro grupos de trabalho (GT): autonomia, democracia, financiamento e carreira. Os princ\u00edpios do Caderno 2, campanha salarial, carreira unificada, regime de trabalho, a expans\u00e3o das Federais e conflito com as Estaduais, diagn\u00f3stico do Setor sobre carreira (com base em levantamento que ser\u00e1 feito pelo DIEESE), as condi\u00e7\u00f5es do trabalho docente, a gest\u00e3o democr\u00e1tica em todos os n\u00edveis, o financiamento da educa\u00e7\u00e3o p\u00fablica (10% do PIB) e a cria\u00e7\u00e3o de fundo federal para as Iees\/Imes foram alguns dos subtemas escolhidos para pautar o debate nos grupos.<\/p>\n<p>O domingo ser\u00e1 reservado para apresenta\u00e7\u00e3o dos resultados das discuss\u00f5es nos GT, delibera\u00e7\u00f5es e encaminhamentos.<\/p>\n<p><em>Fonte: ANDES-SN<\/em><\/p>\n","protected":false},"excerpt":{"rendered":"<p>O fortalecimento do ANDES-SN e o processo de democratiza\u00e7\u00e3o do Setor das Institui\u00e7\u00f5es Estaduais de Ensino Superior (Iees) e Municipais de Ensino Superior (Imes) foi a tem\u00e1tica escolhida para 8\u00ba Encontro Nacional do Setor Iees\/Imes. O tema e a programa\u00e7\u00e3o do evento foram definidos da \u00faltima reuni\u00e3o do Setor, realizada nos dias 24 e 25&hellip;<\/p>\n","protected":false},"author":3,"featured_media":0,"comment_status":"open","ping_status":"open","sticky":false,"template":"","format":"standard","meta":{"footnotes":""},"categories":[15],"tags":[92],"class_list":["post-2015","post","type-post","status-publish","format-standard","hentry","category-noticias","tag-andes","category-15","description-off"],"_links":{"self":[{"href":"https:\/\/www.adufpb.org.br\/site\/wp-json\/wp\/v2\/posts\/2015","targetHints":{"allow":["GET"]}}],"collection":[{"href":"https:\/\/www.adufpb.org.br\/site\/wp-json\/wp\/v2\/posts"}],"about":[{"href":"https:\/\/www.adufpb.org.br\/site\/wp-json\/wp\/v2\/types\/post"}],"author":[{"embeddable":true,"href":"https:\/\/www.adufpb.org.br\/site\/wp-json\/wp\/v2\/users\/3"}],"replies":[{"embeddable":true,"href":"https:\/\/www.adufpb.org.br\/site\/wp-json\/wp\/v2\/comments?post=2015"}],"version-history":[{"count":0,"href":"https:\/\/www.adufpb.org.br\/site\/wp-json\/wp\/v2\/posts\/2015\/revisions"}],"wp:attachment":[{"href":"https:\/\/www.adufpb.org.br\/site\/wp-json\/wp\/v2\/media?parent=2015"}],"wp:term":[{"taxonomy":"category","embeddable":true,"href":"https:\/\/www.adufpb.org.br\/site\/wp-json\/wp\/v2\/categories?post=2015"},{"taxonomy":"post_tag","embeddable":true,"href":"https:\/\/www.adufpb.org.br\/site\/wp-json\/wp\/v2\/tags?post=2015"}],"curies":[{"name":"wp","href":"https:\/\/api.w.org\/{rel}","templated":true}]}}