{"id":20146,"date":"2019-04-04T12:03:52","date_gmt":"2019-04-04T15:03:52","guid":{"rendered":"http:\/\/www.adufpb.org.br\/site\/?p=20146"},"modified":"2019-08-30T14:24:08","modified_gmt":"2019-08-30T17:24:08","slug":"palestra-da-adufpb-no-dia-104-debate-perspectivas-e-possibilidades-de-um-pensamento-ecologico","status":"publish","type":"post","link":"https:\/\/www.adufpb.org.br\/site\/palestra-da-adufpb-no-dia-104-debate-perspectivas-e-possibilidades-de-um-pensamento-ecologico\/","title":{"rendered":"Palestra da ADUFPB no dia 10\/4 debate \u201cPerspectivas e possibilidades de um pensamento ecol\u00f3gico\u201d"},"content":{"rendered":"<p dir=\"ltr\">A ADUFPB promove na pr\u00f3xima semana mais uma edi\u00e7\u00e3o do projeto Realidade Brasileira e Universidade. Desta vez, o tema da palestra ser\u00e1 \u201cCapital X Natureza: Perspectivas e possibilidades de um pensamento ecol\u00f3gico\u201d. O evento est\u00e1 marcado para a pr\u00f3xima quarta-feira, dia 10 de abril, e ocorrer\u00e1 na Sala de Leitura da sede da ADUFPB, no Centro de Viv\u00eancia do campus I, a partir das 9h.<\/p>\n<p>Como expositores, estar\u00e3o presentes os professores Evaldo Becker e Michele Becker, ambos da Universidade Federal de Sergipe (UFS). Ele \u00e9 p\u00f3s-doutor em Filosofia pela Universit\u00e9 du Qu\u00e9bec \u00e0 Trois-Rivi\u00e8res e atua como docente associado ao Departamento de Filosofia da UFS. Michele Becker \u00e9 professora do Departamento de Comunica\u00e7\u00e3o Social da Universidade, com doutorado em Desenvolvimento e Meio Ambiente pelo Programa de Desenvolvimento e Meio Ambiente (Prodema\/UFS).<\/p>\n<p>O mediador do debate ser\u00e1 o professor Gutemberg Silvino, do Centro de Ci\u00eancias Agr\u00e1rias da UFPB (CCA) e diretor da ADUFPB no campus de Areia.<\/p>\n<p><span style=\"text-decoration: underline;\"><strong>AGENDE-SE<\/strong><\/span><\/p>\n<p dir=\"ltr\"><strong>Projeto Realidade Brasileira e Universidade<\/strong><\/p>\n<p><em><strong>Palestra:<\/strong> Capital X Natureza: Perspectivas e possibilidades de um pensamento ecol\u00f3gico<\/em><\/p>\n<p><strong>Data:<\/strong> 10 de abril, quarta-feira<br \/>\n<strong>Hor\u00e1rio:<\/strong> 9h<br \/>\n<strong>Local:<\/strong> Sala de Leitura da ADUFPB, no Centro de Viv\u00eancia do campus I<\/p>\n<p><strong>Expositores:<\/strong><br \/>\n<em><strong>&#8211; Evaldo Becker &#8211;<\/strong> <\/em>Professor do Departamento de Filosofia da Universidade Federal de Sergipe (UFS), com p\u00f3s-doutorado em Filosofia pela Universit\u00e9 du Qu\u00e9bec \u00e0 Trois-Rivi\u00e8res<br \/>\n<em><strong>&#8211; Michele Becker &#8211;<\/strong> <\/em>Professora do Departamento de Comunica\u00e7\u00e3o Social da Universidade Federal de Sergipe (UFS), com doutorado em Desenvolvimento e Meio Ambiente pelo Programa de Desenvolvimento e Meio Ambiente (Prodema) da UFS.<\/p>\n<p><strong>Mediador:<\/strong><br \/>\n<em><strong>&#8211; Gutemberg Silvino &#8211;<\/strong> <\/em>professor\u00a0do Centro de Ci\u00eancias Agr\u00e1rias da UFPB (CCA) e diretor da ADUFPB no campus de Areia<\/p>\n<p><a href=\"https:\/\/www.youtube.com\/watch?v=Jk-5DaqFZK8\">Assista \u00e0 palestra em v\u00eddeo!<\/a><\/p>\n<p><em>Fonte: Ascom ADUFPB<\/em><\/p>\n","protected":false},"excerpt":{"rendered":"<p>A ADUFPB promove na pr\u00f3xima semana mais uma edi\u00e7\u00e3o do projeto Realidade Brasileira e Universidade. Desta vez, o tema da palestra ser\u00e1 \u201cCapital X Natureza: Perspectivas e possibilidades de um pensamento ecol\u00f3gico\u201d. O evento est\u00e1 marcado para a pr\u00f3xima quarta-feira, dia 10 de abril, e ocorrer\u00e1 na Sala de Leitura da sede da ADUFPB, no&hellip;<\/p>\n","protected":false},"author":3,"featured_media":20148,"comment_status":"closed","ping_status":"closed","sticky":false,"template":"","format":"standard","meta":{"footnotes":""},"categories":[15],"tags":[50,902],"class_list":["post-20146","post","type-post","status-publish","format-standard","has-post-thumbnail","hentry","category-noticias","tag-palestra","tag-realidade-brasileira-e-universidade","category-15","description-off"],"_links":{"self":[{"href":"https:\/\/www.adufpb.org.br\/site\/wp-json\/wp\/v2\/posts\/20146","targetHints":{"allow":["GET"]}}],"collection":[{"href":"https:\/\/www.adufpb.org.br\/site\/wp-json\/wp\/v2\/posts"}],"about":[{"href":"https:\/\/www.adufpb.org.br\/site\/wp-json\/wp\/v2\/types\/post"}],"author":[{"embeddable":true,"href":"https:\/\/www.adufpb.org.br\/site\/wp-json\/wp\/v2\/users\/3"}],"replies":[{"embeddable":true,"href":"https:\/\/www.adufpb.org.br\/site\/wp-json\/wp\/v2\/comments?post=20146"}],"version-history":[{"count":5,"href":"https:\/\/www.adufpb.org.br\/site\/wp-json\/wp\/v2\/posts\/20146\/revisions"}],"predecessor-version":[{"id":21145,"href":"https:\/\/www.adufpb.org.br\/site\/wp-json\/wp\/v2\/posts\/20146\/revisions\/21145"}],"wp:featuredmedia":[{"embeddable":true,"href":"https:\/\/www.adufpb.org.br\/site\/wp-json\/wp\/v2\/media\/20148"}],"wp:attachment":[{"href":"https:\/\/www.adufpb.org.br\/site\/wp-json\/wp\/v2\/media?parent=20146"}],"wp:term":[{"taxonomy":"category","embeddable":true,"href":"https:\/\/www.adufpb.org.br\/site\/wp-json\/wp\/v2\/categories?post=20146"},{"taxonomy":"post_tag","embeddable":true,"href":"https:\/\/www.adufpb.org.br\/site\/wp-json\/wp\/v2\/tags?post=20146"}],"curies":[{"name":"wp","href":"https:\/\/api.w.org\/{rel}","templated":true}]}}