{"id":20134,"date":"2019-04-01T11:52:35","date_gmt":"2019-04-01T14:52:35","guid":{"rendered":"http:\/\/www.adufpb.org.br\/site\/?p=20134"},"modified":"2019-04-01T11:52:35","modified_gmt":"2019-04-01T14:52:35","slug":"evento-nesta-segunda-feira-realiza-debate-e-exibe-o-documentario-libertem-angela-davis","status":"publish","type":"post","link":"https:\/\/www.adufpb.org.br\/site\/evento-nesta-segunda-feira-realiza-debate-e-exibe-o-documentario-libertem-angela-davis\/","title":{"rendered":"Evento nesta segunda-feira realiza debate e exibe o document\u00e1rio &#8220;Libertem Angela Davis&#8221;"},"content":{"rendered":"<div id=\"js_4ph\" data-ft=\"{&quot;tn&quot;:&quot;K&quot;}\">\n<p><a href=\"http:\/\/www.adufpb.org.br\/site\/wp-content\/uploads\/2019\/04\/150910_angela-davis-560x384.jpg\"><img loading=\"lazy\" decoding=\"async\" class=\"alignright size-medium wp-image-20135\" alt=\"150910_angela-davis-560x384\" src=\"http:\/\/www.adufpb.org.br\/site\/wp-content\/uploads\/2019\/04\/150910_angela-davis-560x384-300x205.jpg\" width=\"300\" height=\"205\" srcset=\"https:\/\/www.adufpb.org.br\/site\/wp-content\/uploads\/2019\/04\/150910_angela-davis-560x384-300x205.jpg 300w, https:\/\/www.adufpb.org.br\/site\/wp-content\/uploads\/2019\/04\/150910_angela-davis-560x384.jpg 560w\" sizes=\"auto, (max-width: 300px) 100vw, 300px\" \/><\/a>O GEFOR, em parceria com O F\u00f3rum de Mulheres em Luta da UFPB e o Soy Loco Por Ti America Cineclube, far\u00e1 a discuss\u00e3o do livro &#8220;A liberdade \u00e9 uma Luta Constante&#8221;, de Angela Davis, e apresentar\u00e1 o document\u00e1rio &#8220;Libertem Angela Davis&#8221;.<\/p>\n<p>A atividade ser\u00e1 nesta segunda feira, 1\/4, \u00e0s 14hs no Audit\u00f3rio Azul do CCSA, e contar\u00e1 com a participa\u00e7\u00e3o da assistente social Kissia Wendy, da professora Mojana Vargas e da cineasta Karine Fiuza.<\/p>\n<p>Al\u00e9m de fazer refer\u00eancia ao m\u00eas de luta das mulheres e \u00e0s lutas do movimento negro, a atividade se insere tamb\u00e9m no conjunto de atividades de mobiliza\u00e7\u00e3o e protesto contra a brutal ditadura cujo golpe ocorreu h\u00e1 exatos 55 anos.<\/p>\n<\/div>\n<p><em>Fonte: Assessoria<\/em><\/p>\n","protected":false},"excerpt":{"rendered":"<p>O GEFOR, em parceria com O F\u00f3rum de Mulheres em Luta da UFPB e o Soy Loco Por Ti America Cineclube, far\u00e1 a discuss\u00e3o do livro &#8220;A liberdade \u00e9 uma Luta Constante&#8221;, de Angela Davis, e apresentar\u00e1 o document\u00e1rio &#8220;Libertem Angela Davis&#8221;. A atividade ser\u00e1 nesta segunda feira, 1\/4, \u00e0s 14hs no Audit\u00f3rio Azul do&hellip;<\/p>\n","protected":false},"author":3,"featured_media":0,"comment_status":"closed","ping_status":"closed","sticky":false,"template":"","format":"standard","meta":{"footnotes":""},"categories":[15],"tags":[],"class_list":["post-20134","post","type-post","status-publish","format-standard","hentry","category-noticias","category-15","description-off"],"_links":{"self":[{"href":"https:\/\/www.adufpb.org.br\/site\/wp-json\/wp\/v2\/posts\/20134","targetHints":{"allow":["GET"]}}],"collection":[{"href":"https:\/\/www.adufpb.org.br\/site\/wp-json\/wp\/v2\/posts"}],"about":[{"href":"https:\/\/www.adufpb.org.br\/site\/wp-json\/wp\/v2\/types\/post"}],"author":[{"embeddable":true,"href":"https:\/\/www.adufpb.org.br\/site\/wp-json\/wp\/v2\/users\/3"}],"replies":[{"embeddable":true,"href":"https:\/\/www.adufpb.org.br\/site\/wp-json\/wp\/v2\/comments?post=20134"}],"version-history":[{"count":1,"href":"https:\/\/www.adufpb.org.br\/site\/wp-json\/wp\/v2\/posts\/20134\/revisions"}],"predecessor-version":[{"id":20136,"href":"https:\/\/www.adufpb.org.br\/site\/wp-json\/wp\/v2\/posts\/20134\/revisions\/20136"}],"wp:attachment":[{"href":"https:\/\/www.adufpb.org.br\/site\/wp-json\/wp\/v2\/media?parent=20134"}],"wp:term":[{"taxonomy":"category","embeddable":true,"href":"https:\/\/www.adufpb.org.br\/site\/wp-json\/wp\/v2\/categories?post=20134"},{"taxonomy":"post_tag","embeddable":true,"href":"https:\/\/www.adufpb.org.br\/site\/wp-json\/wp\/v2\/tags?post=20134"}],"curies":[{"name":"wp","href":"https:\/\/api.w.org\/{rel}","templated":true}]}}