{"id":20120,"date":"2019-03-26T21:31:28","date_gmt":"2019-03-27T00:31:28","guid":{"rendered":"http:\/\/www.adufpb.org.br\/site\/?p=20120"},"modified":"2019-03-29T14:59:34","modified_gmt":"2019-03-29T17:59:34","slug":"adufpb-convoca-docentes-para-recadastramento","status":"publish","type":"post","link":"https:\/\/www.adufpb.org.br\/site\/adufpb-convoca-docentes-para-recadastramento\/","title":{"rendered":"ADUFPB convoca docentes para recadastramento"},"content":{"rendered":"<p>A ADUFPB est\u00e1 fazendo o recadastramento de todos(as) os(as) professores(as) sindicalizados(as) para atualiza\u00e7\u00e3o do banco de dados da entidade e mudan\u00e7a do modelo de recebimento da contribui\u00e7\u00e3o sindical. No in\u00edcio de mar\u00e7o, a Medida Provis\u00f3ria n\u00ba 873\/2019, publicada no Di\u00e1rio Oficial da Uni\u00e3o, modificou as regras para a arrecada\u00e7\u00e3o das entidades representativas de servidores p\u00fablicos, suspendendo as chamadas consigna\u00e7\u00f5es.<\/p>\n<p>A medida passou a vigorar no momento da publica\u00e7\u00e3o, sem qualquer prazo para adapta\u00e7\u00e3o ou reestrutura\u00e7\u00e3o financeira dos sindicatos. Entidades de todo o pa\u00eds, incluindo a ADUFPB, entraram na justi\u00e7a e conquistaram a suspens\u00e3o da medida em car\u00e1ter liminar. Isso significa que os descontos via consigna\u00e7\u00e3o continuar\u00e3o a ser efetuados, por\u00e9m a entidade vai precisar adaptar-se para o caso da decis\u00e3o final da justi\u00e7a ser desfavor\u00e1vel.<\/p>\n<p>Desta forma, seguindo delibera\u00e7\u00e3o aprovada na assembleia do dia 20 de mar\u00e7o, a ADUFPB realizar\u00e1 o recadastramento dos sindicalizados para preparar-se para utiliza\u00e7\u00e3o do modelo de d\u00e9bito autom\u00e1tico em conta. \u00c9 muito importante que todos(as) os(as) docentes participem desse processo, uma vez que a suspens\u00e3o das consigna\u00e7\u00f5es pode comprometer as atividades sindicais justamente em um momento de grandes desafios pol\u00edticos, como a luta contra a reforma da Previd\u00eancia.<\/p>\n<p>O processo de recadastramento j\u00e1 come\u00e7ou e est\u00e1 sendo feito tanto na sede do campus I (Centro de Viv\u00eancia), quanto nas tr\u00eas secretarias do interior (Areia, Bananeiras e Mamanguape). Na sede do Centro de Viv\u00eancia, o atendimento pela manh\u00e3 ser\u00e1 feito na sala do jur\u00eddico e, \u00e0 tarde, na sala do arquivo.<\/p>\n<p>N\u00e3o \u00e9 necess\u00e1rio apresentar novos documentos, basta comparecer aos locais de recadastramento para atualizar as informa\u00e7\u00f5es da ficha e assinar o termo de compromisso para migra\u00e7\u00e3o da modalidade de pagamento da contribui\u00e7\u00e3o sindical. Importante ressaltar que, enquanto a modalidade consigna\u00e7\u00e3o em folha estiver vigorando, n\u00e3o ser\u00e1 feito qualquer desconto na conta do sindicalizado.<\/p>\n<p><em>Fonte: Ascom ADUFPB<\/em><\/p>\n","protected":false},"excerpt":{"rendered":"<p>A ADUFPB est\u00e1 fazendo o recadastramento de todos(as) os(as) professores(as) sindicalizados(as) para atualiza\u00e7\u00e3o do banco de dados da entidade e mudan\u00e7a do modelo de recebimento da contribui\u00e7\u00e3o sindical. No in\u00edcio de mar\u00e7o, a Medida Provis\u00f3ria n\u00ba 873\/2019, publicada no Di\u00e1rio Oficial da Uni\u00e3o, modificou as regras para a arrecada\u00e7\u00e3o das entidades representativas de servidores p\u00fablicos,&hellip;<\/p>\n","protected":false},"author":3,"featured_media":0,"comment_status":"closed","ping_status":"closed","sticky":false,"template":"","format":"standard","meta":{"footnotes":""},"categories":[15,417],"tags":[1230,147,1231,1232,1229],"class_list":["post-20120","post","type-post","status-publish","format-standard","hentry","category-noticias","category-noticias-destaque","tag-consignacao","tag-contribuicao-sindical","tag-debito-automatico","tag-mp-873","tag-recadastamento","category-15","category-417","description-off"],"_links":{"self":[{"href":"https:\/\/www.adufpb.org.br\/site\/wp-json\/wp\/v2\/posts\/20120","targetHints":{"allow":["GET"]}}],"collection":[{"href":"https:\/\/www.adufpb.org.br\/site\/wp-json\/wp\/v2\/posts"}],"about":[{"href":"https:\/\/www.adufpb.org.br\/site\/wp-json\/wp\/v2\/types\/post"}],"author":[{"embeddable":true,"href":"https:\/\/www.adufpb.org.br\/site\/wp-json\/wp\/v2\/users\/3"}],"replies":[{"embeddable":true,"href":"https:\/\/www.adufpb.org.br\/site\/wp-json\/wp\/v2\/comments?post=20120"}],"version-history":[{"count":2,"href":"https:\/\/www.adufpb.org.br\/site\/wp-json\/wp\/v2\/posts\/20120\/revisions"}],"predecessor-version":[{"id":20126,"href":"https:\/\/www.adufpb.org.br\/site\/wp-json\/wp\/v2\/posts\/20120\/revisions\/20126"}],"wp:attachment":[{"href":"https:\/\/www.adufpb.org.br\/site\/wp-json\/wp\/v2\/media?parent=20120"}],"wp:term":[{"taxonomy":"category","embeddable":true,"href":"https:\/\/www.adufpb.org.br\/site\/wp-json\/wp\/v2\/categories?post=20120"},{"taxonomy":"post_tag","embeddable":true,"href":"https:\/\/www.adufpb.org.br\/site\/wp-json\/wp\/v2\/tags?post=20120"}],"curies":[{"name":"wp","href":"https:\/\/api.w.org\/{rel}","templated":true}]}}