{"id":2011,"date":"2011-09-01T14:37:02","date_gmt":"2011-09-01T18:37:02","guid":{"rendered":"http:\/\/www.adufpb.org.br\/site\/adufpb-realiza-assembleia-e-divulga-atividades-de-mobilizacao\/"},"modified":"2011-09-01T19:29:56","modified_gmt":"2011-09-01T23:29:56","slug":"adufpb-realiza-assembleia-e-divulga-atividades-de-mobilizacao","status":"publish","type":"post","link":"https:\/\/www.adufpb.org.br\/site\/adufpb-realiza-assembleia-e-divulga-atividades-de-mobilizacao\/","title":{"rendered":"ADUFPB realiza assembleia e divulga atividades de mobiliza\u00e7\u00e3o"},"content":{"rendered":"<p><a href=\"http:\/\/www.adufpb.org.br\/site\/wp-content\/uploads\/2011\/09\/ASSEMBLEIA-GERAL-01-09-2011-web2.jpg\"><img loading=\"lazy\" decoding=\"async\" class=\"alignleft size-medium wp-image-2008\" title=\"ASSEMBLEIA GERAL 01 09 2011 (web2)\" src=\"http:\/\/www.adufpb.org.br\/site\/wp-content\/uploads\/2011\/09\/ASSEMBLEIA-GERAL-01-09-2011-web2-300x225.jpg\" alt=\"ASSEMBLEIA GERAL 01 09 2011 (web2)\" width=\"300\" height=\"225\" srcset=\"https:\/\/www.adufpb.org.br\/site\/wp-content\/uploads\/2011\/09\/ASSEMBLEIA-GERAL-01-09-2011-web2-300x225.jpg 300w, https:\/\/www.adufpb.org.br\/site\/wp-content\/uploads\/2011\/09\/ASSEMBLEIA-GERAL-01-09-2011-web2-1024x768.jpg 1024w, https:\/\/www.adufpb.org.br\/site\/wp-content\/uploads\/2011\/09\/ASSEMBLEIA-GERAL-01-09-2011-web2.jpg 1417w\" sizes=\"auto, (max-width: 300px) 100vw, 300px\" \/><\/a>Os docentes da UFPB reuniram-se em assembleia nesta quinta-feira e discutiram os termos do acordo salarial com o Minist\u00e9rio do Planejamento assinado na \u00faltima sexta-feira (26), em Bras\u00edlia. Na reuni\u00e3o, a Diretoria Executiva da ADUFPB tamb\u00e9m divulgou atividades de mobiliza\u00e7\u00e3o que ser\u00e3o realizadas nos pr\u00f3ximos dias.<\/p>\n<p>No dia 5 de setembro, segunda-feira, re\u00fanem-se na sede do Sindicato, no Centro de Viv\u00eancia do Campus I, em Jo\u00e3o Pessoa, o grupo de mobiliza\u00e7\u00e3o que foi formado na assembleia do \u00faltimo dia 25 com o objetivo de acompanhar o cumprimento do acordo com o Governo e de realizar atividades para agregar o apoio da sociedade \u00e0 causa da educa\u00e7\u00e3o e da reformula\u00e7\u00e3o da carreira docente. Essa reuni\u00e3o, que est\u00e1 marcada para as 15h, tem como objetivo formalizar a cria\u00e7\u00e3o do grupo e discutir um calend\u00e1rio de atividades.<\/p>\n<p>J\u00e1 na ter\u00e7a-feira, dia 6 de setembro, acontecer\u00e1 o Grito dos Exclu\u00eddos, movimento realizado por entidades da sociedade civil, anualmente, sempre um dia antes das comemora\u00e7\u00f5es do Dia da Independ\u00eancia (7 de setembro), para denunciar injusti\u00e7as sociais e cobrar pol\u00edticas p\u00fablicas em diversos setores. Na Para\u00edba, o evento ser\u00e1 na Lagoa do Parque Solon de Lucena, com in\u00edcio previsto para as 13h30.<\/p>\n<p><a href=\"http:\/\/www.adufpb.org.br\/site\/wp-content\/uploads\/2011\/09\/ASSEMBLEIA-GERAL-01-09-2011-web3.jpg\"><img loading=\"lazy\" decoding=\"async\" class=\"alignright size-medium wp-image-2009\" title=\"ASSEMBLEIA GERAL 01 09 2011 (web3)\" src=\"http:\/\/www.adufpb.org.br\/site\/wp-content\/uploads\/2011\/09\/ASSEMBLEIA-GERAL-01-09-2011-web3-300x182.jpg\" alt=\"ASSEMBLEIA GERAL 01 09 2011 (web3)\" width=\"300\" height=\"182\" srcset=\"https:\/\/www.adufpb.org.br\/site\/wp-content\/uploads\/2011\/09\/ASSEMBLEIA-GERAL-01-09-2011-web3-300x182.jpg 300w, https:\/\/www.adufpb.org.br\/site\/wp-content\/uploads\/2011\/09\/ASSEMBLEIA-GERAL-01-09-2011-web3-1024x621.jpg 1024w, https:\/\/www.adufpb.org.br\/site\/wp-content\/uploads\/2011\/09\/ASSEMBLEIA-GERAL-01-09-2011-web3.jpg 1417w\" sizes=\"auto, (max-width: 300px) 100vw, 300px\" \/><\/a>A participa\u00e7\u00e3o no movimento integra o calend\u00e1rio de atividades do Comit\u00ea Estadual da Campanha \u201c10% do PIB para a Educa\u00e7\u00e3o, J\u00e1!\u201d, encabe\u00e7ada na Para\u00edba pela ADUFPB. Uma das alas do Grito dos Exclu\u00eddos este ano tratar\u00e1 de quest\u00f5es relativas a educa\u00e7\u00e3o, entre elas, a mudan\u00e7a no Plano Nacional de Educa\u00e7\u00e3o 2011\/2020, explicou o presidente da ADUFPB, Ricardo Lucena.<\/p>\n<p>Segundo ele, outra mobiliza\u00e7\u00e3o pode acontecer no dia 14 de setembro, data que ficou acertada com o Governo (no acordo emergencial assinado sexta-feira, 26)  para in\u00edcio do novo processo de negocia\u00e7\u00e3o das propostas da categoria docente. A ADUFPB encaminhou ao ANDES-SN uma proposta de paralisa\u00e7\u00e3o nacional nesse dia. A confirma\u00e7\u00e3o depende ainda de resposta do Sindicato Nacional.<\/p>\n<p><strong>Participa\u00e7\u00e3o<\/strong><\/p>\n<p>Apesar de n\u00e3o ter registrado o qu\u00f3rum regimental necess\u00e1rio para a defini\u00e7\u00e3o de delibera\u00e7\u00f5es (120 presentes), a assembleia desta quinta-feira despertou muito debate entre os docentes. Dezessete dos 109 presentes \u00e0 reuni\u00e3o fizeram inscri\u00e7\u00e3o para falar. As discuss\u00f5es geraram em torno do acordo salarial do Governo.<\/p>\n<p>Depois do an\u00fancio das pr\u00f3ximas atividades de mobiliza\u00e7\u00e3o, o professor Arturo Gouveia, do Conselho de Representantes da ADUFPB, leu os principais pontos da an\u00e1lise elaborada pelo ANDES-SN sobre o acordo emergencial firmado com o Governo. O documento pode ser acessado na \u00edntegra clicando <a href=\"http:\/\/portal.andes.org.br\/imprensa\/documentos\/imp-doc-25431941.pdf\" target=\"_blank\">aqui<\/a>.<\/p>\n<p>Entre os pontos ressaltados por ele est\u00e1 a necessidade de continua mobiliza\u00e7\u00e3o da categoria, principalmente agora, ap\u00f3s a assinatura do acordo emergencial, com o objetivo de cobrar o cumprimento da promessa do governo de rediscutir a reformula\u00e7\u00e3o da carreira docente.<\/p>\n<p><a href=\"http:\/\/www.adufpb.org.br\/site\/wp-content\/uploads\/2011\/09\/acordo-final-com-o-MPOG.pdf\" target=\"_blank\">Clique aqui para acessar a \u00edntegra do acordo firmado com o governo no dia 26 de agosto, incluindo tabelas salariais.<\/a><\/p>\n<p><a href=\"http:\/\/www.adufpb.org.br\/site\/wp-content\/uploads\/2011\/09\/BOLETIM-ADUFPB-96.pdf\" target=\"_blank\">Clique  aqui para ter acesso ao Boletim da ADUFPB, n\u00famero 96, com a compara\u00e7\u00e3o  entre o sal\u00e1rio como \u00e9 hoje e como ser\u00e1 com o reajuste<\/a>.<\/p>\n<p><em>Fonte: Ascom ADUFPB<\/em><\/p>\n","protected":false},"excerpt":{"rendered":"<p>Os docentes da UFPB reuniram-se em assembleia nesta quinta-feira e discutiram os termos do acordo salarial com o Minist\u00e9rio do Planejamento assinado na \u00faltima sexta-feira (26), em Bras\u00edlia. Na reuni\u00e3o, a Diretoria Executiva da ADUFPB tamb\u00e9m divulgou atividades de mobiliza\u00e7\u00e3o que ser\u00e3o realizadas nos pr\u00f3ximos dias. No dia 5 de setembro, segunda-feira, re\u00fanem-se na sede&hellip;<\/p>\n","protected":false},"author":3,"featured_media":0,"comment_status":"open","ping_status":"open","sticky":false,"template":"","format":"standard","meta":{"footnotes":""},"categories":[15],"tags":[95,190],"class_list":["post-2011","post","type-post","status-publish","format-standard","hentry","category-noticias","tag-assembleias","tag-campanha-salarial-2011","category-15","description-off"],"_links":{"self":[{"href":"https:\/\/www.adufpb.org.br\/site\/wp-json\/wp\/v2\/posts\/2011","targetHints":{"allow":["GET"]}}],"collection":[{"href":"https:\/\/www.adufpb.org.br\/site\/wp-json\/wp\/v2\/posts"}],"about":[{"href":"https:\/\/www.adufpb.org.br\/site\/wp-json\/wp\/v2\/types\/post"}],"author":[{"embeddable":true,"href":"https:\/\/www.adufpb.org.br\/site\/wp-json\/wp\/v2\/users\/3"}],"replies":[{"embeddable":true,"href":"https:\/\/www.adufpb.org.br\/site\/wp-json\/wp\/v2\/comments?post=2011"}],"version-history":[{"count":3,"href":"https:\/\/www.adufpb.org.br\/site\/wp-json\/wp\/v2\/posts\/2011\/revisions"}],"predecessor-version":[{"id":2014,"href":"https:\/\/www.adufpb.org.br\/site\/wp-json\/wp\/v2\/posts\/2011\/revisions\/2014"}],"wp:attachment":[{"href":"https:\/\/www.adufpb.org.br\/site\/wp-json\/wp\/v2\/media?parent=2011"}],"wp:term":[{"taxonomy":"category","embeddable":true,"href":"https:\/\/www.adufpb.org.br\/site\/wp-json\/wp\/v2\/categories?post=2011"},{"taxonomy":"post_tag","embeddable":true,"href":"https:\/\/www.adufpb.org.br\/site\/wp-json\/wp\/v2\/tags?post=2011"}],"curies":[{"name":"wp","href":"https:\/\/api.w.org\/{rel}","templated":true}]}}