{"id":20075,"date":"2019-03-14T11:53:16","date_gmt":"2019-03-14T14:53:16","guid":{"rendered":"http:\/\/www.adufpb.org.br\/site\/?p=20075"},"modified":"2019-03-14T11:54:28","modified_gmt":"2019-03-14T14:54:28","slug":"adufpb-solicita-audiencia-com-a-progep-para-tratar-sobre-extincao-de-funcoes-comissionadas","status":"publish","type":"post","link":"https:\/\/www.adufpb.org.br\/site\/adufpb-solicita-audiencia-com-a-progep-para-tratar-sobre-extincao-de-funcoes-comissionadas\/","title":{"rendered":"ADUFPB solicita audi\u00eancia com a Progep para tratar sobre extin\u00e7\u00e3o de fun\u00e7\u00f5es comissionadas"},"content":{"rendered":"<p dir=\"ltr\">O governo federal deu in\u00edcio esta semana \u00e0 elimina\u00e7\u00e3o de 21 mil fun\u00e7\u00f5es comissionadas e gratificadas (que s\u00e3o compensadas com pagamentos extras a servidores efetivos), com a publica\u00e7\u00e3o do <a href=\"http:\/\/www.in.gov.br\/materia\/-\/asset_publisher\/Kujrw0TZC2Mb\/content\/id\/66749468\" target=\"_blank\">Decreto n\u00ba 9.725 \/ 2019<\/a>, na \u00faltima ter\u00e7a-feira (12). <a href=\"https:\/\/brenocosta.substack.com\/p\/brasil-real-oficial-matinal-130319\" target=\"_blank\">Segundo postagem no site Brasil Real Oficial<\/a> &#8211; que analisa atos governamentais do Di\u00e1rio Oficial -, a conta maior ser\u00e1 paga pelos professores de universidade federais.<\/p>\n<p>&#8220;Hoje j\u00e1 ficam extintos 119 cargos de dire\u00e7\u00e3o em institui\u00e7\u00f5es de ensino federais, que n\u00e3o s\u00e3o definidas claramente no decreto (ocupantes de cargos de dire\u00e7\u00e3o em universidades podem optar ou por receber a remunera\u00e7\u00e3o integral desse cargo ou 60% do valor acrescido do sal\u00e1rio do cargo original). Tamb\u00e9m est\u00e3o eliminados 1.870 Fun\u00e7\u00f5es Comissionadas de Coordena\u00e7\u00e3o de Curso&#8221;, informa o site.<\/p>\n<p>Segundo o Brasil Real Oficial, a partir de 31 de julho, ser\u00e3o extintas mais de 11 mil outras fun\u00e7\u00f5es gratificadas nas universidades, do n\u00edvel 4 para baixo (ou seja, os tr\u00eas n\u00edveis de maior remunera\u00e7\u00e3o n\u00e3o s\u00e3o afetados neste caso espec\u00edfico).<\/p>\n<p>O site pontuou, ainda, que o corte n\u00e3o atinge cargos de livre nomea\u00e7\u00e3o, os DAS. Est\u00e3o inclu\u00eddos apenas as gratifica\u00e7\u00f5es relativas a cargos que devem ser ocupados por servidores efetivos. &#8220;A promessa de Bolsonaro de enxugamento da m\u00e1quina vai, por ora, sendo cumprida de maneira bem torta&#8221;, avalia a publica\u00e7\u00e3o.<\/p>\n<p><strong>Veja outros pontos<\/strong><\/p>\n<p dir=\"ltr\">Ao todo, o decreto, assinado por Bolsonaro e pelo ministro Paulo Guedes, prev\u00ea uma economia anual de R$ 195 milh\u00f5es aos cofres p\u00fablicos. Os eventuais ocupantes dos cargos agora extintos ficam automaticamente exonerados ou, se for o caso, dispensados do exerc\u00edcio das fun\u00e7\u00f5es.<\/p>\n<p>Ficam congeladas mais de 1.200 gratifica\u00e7\u00f5es tempor\u00e1rias pagas a servidores p\u00fablicos que ocupam fun\u00e7\u00f5es em diversas \u00e1reas do &#8220;sistema estruturador&#8221; do governo (inclui desde a \u00e1rea de controle interno at\u00e9 gest\u00e3o de documentos). Outras 253 ser\u00e3o eliminadas a partir de 30 de abril.<\/p>\n<p>O decreto tamb\u00e9m atinge, mas em escala bem menor, militares. Todas as 389 gratifica\u00e7\u00f5es pagas para oficiais e suboficiais do Ex\u00e9rcito que exercem cargos de confian\u00e7a na Anac est\u00e3o eliminadas. Al\u00e9m disso, ser\u00e3o extintas 68 gratifica\u00e7\u00f5es de representa\u00e7\u00e3o de gabinete (paga a servidores que exercem fun\u00e7\u00f5es em gabinetes de ministros) no Minist\u00e9rio da Defesa. No gabinete da Presid\u00eancia e da Vice-Presid\u00eancia, outras 157 gratifica\u00e7\u00f5es de representa\u00e7\u00e3o de gabinete tamb\u00e9m ser\u00e3o cortadas.<\/p>\n<p><strong>ADUFPB solicita audi\u00eancia com a Progep<\/strong><\/p>\n<p dir=\"ltr\">O presidente da ADUFPB, Cristiano Bonneau, avalia que o Decreto n\u00ba 9.725 \/ 2019 faz parte do processo de desmonte e fragiliza\u00e7\u00e3o do servi\u00e7o p\u00fablico, sobretudo das Universidades. \u201cSolicitamos uma audi\u00eancia com a Progep [Pr\u00f3-Reitoria de Gest\u00e3o de Pessoas] o mais r\u00e1pido poss\u00edvel para ter uma ideia dos preju\u00edzos. E solicitamos tamb\u00e9m um estudo jur\u00eddico do ANDES-SN\u201d, informou.<\/p>\n<p>Cristiano Bonneau alerta que, neste momento de fortes ataques \u00e0 Educa\u00e7\u00e3o e aos direitos dos trabalhadores, \u00e9 muito importante que a categoria se mantenha unida e mobilizada para poder defender-se. No pr\u00f3ximo dia 20, a ADUFPB promove nova rodada de assembleia geral nos campi da universidade. Esta \u00e9 uma oportunidade para que os professores se informem sobre a mobiliza\u00e7\u00e3o da categoria e possam propor a\u00e7\u00f5es.<\/p>\n<p>\u201c\u00c9 importante que participemos para compartilharmos o que fazer\u201d, declarou o presidente da ADUFPB. Em Jo\u00e3o Pessoa, a assembleia ser\u00e1 \u00e0s 15h, no Centro de Viv\u00eancia. Em Areia, ser\u00e1 \u00e0s 9h, no Sal\u00e3o Nobre do Pr\u00e9dio Central, e, em Bananeiras, \u00e0s 9h30, no miniaudit\u00f3rio do CAVN. Os professores do Litoral Norte participar\u00e3o da assembleia em Jo\u00e3o Pessoa.<\/p>\n<p><em>Fonte: Ascom ADUFPB, com <a href=\"https:\/\/brenocosta.substack.com\/\" target=\"_blank\">Brasil Real Oficial<\/a><\/em><\/p>\n","protected":false},"excerpt":{"rendered":"<p>O governo federal deu in\u00edcio esta semana \u00e0 elimina\u00e7\u00e3o de 21 mil fun\u00e7\u00f5es comissionadas e gratificadas (que s\u00e3o compensadas com pagamentos extras a servidores efetivos), com a publica\u00e7\u00e3o do Decreto n\u00ba 9.725 \/ 2019, na \u00faltima ter\u00e7a-feira (12). Segundo postagem no site Brasil Real Oficial &#8211; que analisa atos governamentais do Di\u00e1rio Oficial -, a&hellip;<\/p>\n","protected":false},"author":3,"featured_media":0,"comment_status":"closed","ping_status":"closed","sticky":false,"template":"","format":"standard","meta":{"footnotes":""},"categories":[15],"tags":[319,1172,851,1227,1226,1225,1198,282],"class_list":["post-20075","post","type-post","status-publish","format-standard","hentry","category-noticias","tag-assessoria-juridica","tag-bolsonaro","tag-comissao","tag-decreto","tag-diario-oficial","tag-gratificacoes","tag-paulo-guedes","tag-progep","category-15","description-off"],"_links":{"self":[{"href":"https:\/\/www.adufpb.org.br\/site\/wp-json\/wp\/v2\/posts\/20075","targetHints":{"allow":["GET"]}}],"collection":[{"href":"https:\/\/www.adufpb.org.br\/site\/wp-json\/wp\/v2\/posts"}],"about":[{"href":"https:\/\/www.adufpb.org.br\/site\/wp-json\/wp\/v2\/types\/post"}],"author":[{"embeddable":true,"href":"https:\/\/www.adufpb.org.br\/site\/wp-json\/wp\/v2\/users\/3"}],"replies":[{"embeddable":true,"href":"https:\/\/www.adufpb.org.br\/site\/wp-json\/wp\/v2\/comments?post=20075"}],"version-history":[{"count":2,"href":"https:\/\/www.adufpb.org.br\/site\/wp-json\/wp\/v2\/posts\/20075\/revisions"}],"predecessor-version":[{"id":20077,"href":"https:\/\/www.adufpb.org.br\/site\/wp-json\/wp\/v2\/posts\/20075\/revisions\/20077"}],"wp:attachment":[{"href":"https:\/\/www.adufpb.org.br\/site\/wp-json\/wp\/v2\/media?parent=20075"}],"wp:term":[{"taxonomy":"category","embeddable":true,"href":"https:\/\/www.adufpb.org.br\/site\/wp-json\/wp\/v2\/categories?post=20075"},{"taxonomy":"post_tag","embeddable":true,"href":"https:\/\/www.adufpb.org.br\/site\/wp-json\/wp\/v2\/tags?post=20075"}],"curies":[{"name":"wp","href":"https:\/\/api.w.org\/{rel}","templated":true}]}}