{"id":20073,"date":"2019-03-13T15:10:03","date_gmt":"2019-03-13T18:10:03","guid":{"rendered":"http:\/\/www.adufpb.org.br\/site\/?p=20073"},"modified":"2019-03-15T11:32:03","modified_gmt":"2019-03-15T14:32:03","slug":"andes-sn-realiza-na-sexta-15-painel-sobre-reforma-da-previdencia","status":"publish","type":"post","link":"https:\/\/www.adufpb.org.br\/site\/andes-sn-realiza-na-sexta-15-painel-sobre-reforma-da-previdencia\/","title":{"rendered":"ANDES-SN promove na sexta (15) painel sobre Reforma da Previd\u00eancia"},"content":{"rendered":"<p>O ANDES-SN realizar\u00e1 o painel \u201cContrarreforma da previd\u00eancia e seus impactos para a carreira docente\u201d na sexta-feira (15). O evento ter\u00e1 a presen\u00e7a de Sara Granemann, docente da Universidade Federal do Rio de Janeiro (UFRJ), e Leandro Madureira, membro da Assessoria Jur\u00eddica Nacional (AJN) do Sindicato Nacional. Ambos s\u00e3o especialistas em previd\u00eancia. O painel ser\u00e1 realizado na sede do ANDES-SN, em Bras\u00edlia (DF), a partir das 17h30. <strong>Haver\u00e1 transmiss\u00e3o ao vivo no Facebook do ANDES-SN<\/strong>.<\/p>\n<p>O painel antecede a reuni\u00e3o do Grupo de Trabalho de Seguridade Social e Assuntos de Aposentadoria (GTSSA) do ANDES-SN. O GTSSA organiza o painel em conjunto com os Setores das IFES e das IEES\/IMES.<\/p>\n<p>A atividade ser\u00e1 transmitida ao vivo pelo <a href=\"http:\/\/www.facebook.com\/andessn\" target=\"_blank\">Facebook do ANDES-SN<\/a>. Os espectadores poder\u00e3o enviar perguntas para os painelistas e interven\u00e7\u00f5es sobre o tema.<\/p>\n<p>O ANDES-SN est\u00e1 na luta contra a Reforma da Previd\u00eancia. O Sindicato Nacional tem buscado organizar a\u00e7\u00f5es unit\u00e1rias para combater a Proposta de Emenda \u00e0 Constitui\u00e7\u00e3o (PEC) 6\/2019 \u2013 a Reforma apresentada por Jair Bolsonaro. Essas a\u00e7\u00f5es passam pela <a href=\"http:\/\/www.andes.org.br\/conteudos\/noticia\/ato-reune-10-mil-em-sao-paulo-na-assembleia-da-classe-trabalhadora1\" target=\"_blank\">Assembleia da Classe Trabalhadora<\/a> e pelo <a href=\"http:\/\/www.andes.org.br\/conteudos\/noticia\/mais-de-50-entidades-vao-a-lancamento-do-forum-por-direitos-e-liberdades1\" target=\"_blank\">F\u00f3rum Sindical, Popular e de Juventudes por direitos e liberdades democr\u00e1ticas<\/a>.<\/p>\n<div style=\"width: 360px\" class=\"wp-caption alignleft\"><img loading=\"lazy\" decoding=\"async\" alt=\"\" src=\"http:\/\/www.andes.org.br\/diretorios\/images\/sara04B.jpg\" width=\"350\" height=\"266\" \/><p class=\"wp-caption-text\">Sara Granemann FONTE: ANDES-SN<\/p><\/div>\n<p><strong>Os painelistas<\/strong><\/p>\n<p>Sara Granemann \u00e9 docente da UFRJ desde 1994. \u00c9 graduada em servi\u00e7o social pela Funda\u00e7\u00e3o Universit\u00e1ria do Alto Vale do Rio do Peixe (SC), especialista em antropologia social pela Universidade Federal do Paran\u00e1 (UFPR), e mestre e doutora em servi\u00e7o social pela UFRJ. A previd\u00eancia \u00e9 seu principal tema de estudo. Atualmente, coordena projetos de pesquisa sobre os Regimes Pr\u00f3prios de Previd\u00eancia Social (RPPS).<\/p>\n<div style=\"width: 310px\" class=\"wp-caption alignright\"><img loading=\"lazy\" decoding=\"async\" class=\" \" alt=\"\" src=\"http:\/\/www.andes.org.br\/diretorios\/images\/fotoresize.jpg\" width=\"300\" height=\"200\" \/><p class=\"wp-caption-text\">Leandro Madureira FONTE: ANDES-SN<\/p><\/div>\n<p>Leandro Madureira \u00e9 graduado em direito pelo Centro Universit\u00e1rio de Bras\u00edlia (Uniceub) e cursa especializa\u00e7\u00e3o em Gest\u00e3o Executiva de Entidades Fechadas de Previd\u00eancia Complementar pelo Centro Universit\u00e1rio do Distrito Federal (UDF). \u00c9 especialista em Direito Previdenci\u00e1rio pela Universidade Anhanguera-Uniderp-LFG. Tamb\u00e9m \u00e9 membro da Comiss\u00e3o de Seguridade Social e da Comiss\u00e3o de Previd\u00eancia Complementar da Ordem dos Advogados do Brasil (OAB-DF).<\/p>\n<p><em>FONTE: ANDES-SN<\/em><\/p>\n","protected":false},"excerpt":{"rendered":"<p>O ANDES-SN realizar\u00e1 o painel \u201cContrarreforma da previd\u00eancia e seus impactos para a carreira docente\u201d na sexta-feira (15). O evento ter\u00e1 a presen\u00e7a de Sara Granemann, docente da Universidade Federal do Rio de Janeiro (UFRJ), e Leandro Madureira, membro da Assessoria Jur\u00eddica Nacional (AJN) do Sindicato Nacional. Ambos s\u00e3o especialistas em previd\u00eancia. O painel ser\u00e1&hellip;<\/p>\n","protected":false},"author":8,"featured_media":0,"comment_status":"closed","ping_status":"closed","sticky":false,"template":"","format":"standard","meta":{"footnotes":""},"categories":[15],"tags":[895,92,940,199],"class_list":["post-20073","post","type-post","status-publish","format-standard","hentry","category-noticias","tag-adufpb-2","tag-andes","tag-andes-sn","tag-previdencia","category-15","description-off"],"_links":{"self":[{"href":"https:\/\/www.adufpb.org.br\/site\/wp-json\/wp\/v2\/posts\/20073","targetHints":{"allow":["GET"]}}],"collection":[{"href":"https:\/\/www.adufpb.org.br\/site\/wp-json\/wp\/v2\/posts"}],"about":[{"href":"https:\/\/www.adufpb.org.br\/site\/wp-json\/wp\/v2\/types\/post"}],"author":[{"embeddable":true,"href":"https:\/\/www.adufpb.org.br\/site\/wp-json\/wp\/v2\/users\/8"}],"replies":[{"embeddable":true,"href":"https:\/\/www.adufpb.org.br\/site\/wp-json\/wp\/v2\/comments?post=20073"}],"version-history":[{"count":2,"href":"https:\/\/www.adufpb.org.br\/site\/wp-json\/wp\/v2\/posts\/20073\/revisions"}],"predecessor-version":[{"id":20084,"href":"https:\/\/www.adufpb.org.br\/site\/wp-json\/wp\/v2\/posts\/20073\/revisions\/20084"}],"wp:attachment":[{"href":"https:\/\/www.adufpb.org.br\/site\/wp-json\/wp\/v2\/media?parent=20073"}],"wp:term":[{"taxonomy":"category","embeddable":true,"href":"https:\/\/www.adufpb.org.br\/site\/wp-json\/wp\/v2\/categories?post=20073"},{"taxonomy":"post_tag","embeddable":true,"href":"https:\/\/www.adufpb.org.br\/site\/wp-json\/wp\/v2\/tags?post=20073"}],"curies":[{"name":"wp","href":"https:\/\/api.w.org\/{rel}","templated":true}]}}