{"id":20043,"date":"2019-02-28T10:00:19","date_gmt":"2019-02-28T13:00:19","guid":{"rendered":"http:\/\/www.adufpb.org.br\/site\/?p=20043"},"modified":"2019-03-12T10:46:45","modified_gmt":"2019-03-12T13:46:45","slug":"assembleia-de-professores-aprova-contrato-da-adufpb-com-escritorio-juridico","status":"publish","type":"post","link":"https:\/\/www.adufpb.org.br\/site\/assembleia-de-professores-aprova-contrato-da-adufpb-com-escritorio-juridico\/","title":{"rendered":"Assembleia de professores aprova contrato da ADUFPB com escrit\u00f3rio jur\u00eddico"},"content":{"rendered":"<p dir=\"ltr\">A assembleia geral da ADUFPB, realizada nesta quarta-feira (27\/2), aprovou o contrato apresentado pelo escrit\u00f3rio Rocha, Marinho e Sales para consulta jur\u00eddica e acompanhamento judicial das a\u00e7\u00f5es rescis\u00f3rias dos 28,86%, por\u00e9m com altera\u00e7\u00f5es sugeridas pelos professores e pela Diretoria Executiva do sindicato.<\/p>\n<p dir=\"ltr\">O texto foi aprovado em primeira vota\u00e7\u00e3o com 97 votos favor\u00e1veis, 4 contr\u00e1rios e 10 absten\u00e7\u00f5es. Em uma segunda vota\u00e7\u00e3o, os professores decidiram se o contrato teria ou n\u00e3o altera\u00e7\u00f5es, conforme sugest\u00f5es apresentadas durante a assembleia. Foram favor\u00e1veis \u00e0 mudan\u00e7a 69 docentes. Nove foram contr\u00e1rios e cinco se abstiveram.<\/p>\n<p dir=\"ltr\">As altera\u00e7\u00f5es propostas foram relativas \u00e0 modifica\u00e7\u00e3o da cl\u00e1usula que prev\u00ea que a ADUFPB se responsabilize em caso de professores que n\u00e3o cumpram a obriga\u00e7\u00e3o de pagar os honor\u00e1rios ao escrit\u00f3rio e \u00e0 inclus\u00e3o de outras que prevejam que a habilita\u00e7\u00e3o dos sem pagamento extra e a previs\u00e3o de que o advogados devam optar ou pelos honor\u00e1rios ou pela sucumb\u00eancia ao final do processo (uma vez que os gastos com o processo j\u00e1 est\u00e3o sendo pagos pela ADUFPB).<\/p>\n<p dir=\"ltr\">Ap\u00f3s a modifica\u00e7\u00e3o no contrato e novo processo de negocia\u00e7\u00e3o com o escrit\u00f3rio de advocacia, os docentes inclu\u00eddos no processo ser\u00e3o convocados para assinar o documento.<\/p>\n<p dir=\"ltr\"><em>Leia mais sobre os resultados da assembleia:\u00a0<a href=\"http:\/\/www.adufpb.org.br\/site\/professores-aprovam-adesao-a-luta-contra-a-reforma-da-previdencia\/\" target=\"_blank\">Professores aprovam ades\u00e3o \u00e0 luta contra a reforma da Previd\u00eancia<\/a><\/em><\/p>\n<p><em>Fonte: Ascom ADUFPB<\/em><\/p>\n","protected":false},"excerpt":{"rendered":"<p>A assembleia geral da ADUFPB, realizada nesta quarta-feira (27\/2), aprovou o contrato apresentado pelo escrit\u00f3rio Rocha, Marinho e Sales para consulta jur\u00eddica e acompanhamento judicial das a\u00e7\u00f5es rescis\u00f3rias dos 28,86%, por\u00e9m com altera\u00e7\u00f5es sugeridas pelos professores e pela Diretoria Executiva do sindicato. O texto foi aprovado em primeira vota\u00e7\u00e3o com 97 votos favor\u00e1veis, 4 contr\u00e1rios&hellip;<\/p>\n","protected":false},"author":3,"featured_media":0,"comment_status":"closed","ping_status":"closed","sticky":false,"template":"","format":"standard","meta":{"footnotes":""},"categories":[15],"tags":[],"class_list":["post-20043","post","type-post","status-publish","format-standard","hentry","category-noticias","category-15","description-off"],"_links":{"self":[{"href":"https:\/\/www.adufpb.org.br\/site\/wp-json\/wp\/v2\/posts\/20043","targetHints":{"allow":["GET"]}}],"collection":[{"href":"https:\/\/www.adufpb.org.br\/site\/wp-json\/wp\/v2\/posts"}],"about":[{"href":"https:\/\/www.adufpb.org.br\/site\/wp-json\/wp\/v2\/types\/post"}],"author":[{"embeddable":true,"href":"https:\/\/www.adufpb.org.br\/site\/wp-json\/wp\/v2\/users\/3"}],"replies":[{"embeddable":true,"href":"https:\/\/www.adufpb.org.br\/site\/wp-json\/wp\/v2\/comments?post=20043"}],"version-history":[{"count":4,"href":"https:\/\/www.adufpb.org.br\/site\/wp-json\/wp\/v2\/posts\/20043\/revisions"}],"predecessor-version":[{"id":20049,"href":"https:\/\/www.adufpb.org.br\/site\/wp-json\/wp\/v2\/posts\/20043\/revisions\/20049"}],"wp:attachment":[{"href":"https:\/\/www.adufpb.org.br\/site\/wp-json\/wp\/v2\/media?parent=20043"}],"wp:term":[{"taxonomy":"category","embeddable":true,"href":"https:\/\/www.adufpb.org.br\/site\/wp-json\/wp\/v2\/categories?post=20043"},{"taxonomy":"post_tag","embeddable":true,"href":"https:\/\/www.adufpb.org.br\/site\/wp-json\/wp\/v2\/tags?post=20043"}],"curies":[{"name":"wp","href":"https:\/\/api.w.org\/{rel}","templated":true}]}}