{"id":20001,"date":"2019-02-26T10:52:14","date_gmt":"2019-02-26T13:52:14","guid":{"rendered":"http:\/\/www.adufpb.org.br\/site\/?p=20001"},"modified":"2019-03-01T16:37:46","modified_gmt":"2019-03-01T19:37:46","slug":"bloco-corujas-amantes-da-folia-saira-na-proxima-sexta-feira-1o-de-marco","status":"publish","type":"post","link":"https:\/\/www.adufpb.org.br\/site\/bloco-corujas-amantes-da-folia-saira-na-proxima-sexta-feira-1o-de-marco\/","title":{"rendered":"Bloco &#8220;Corujas \u2013 Amantes da Folia&#8221; sair\u00e1 nesta sexta-feira, 1\u00ba de mar\u00e7o"},"content":{"rendered":"<p><a href=\"http:\/\/www.adufpb.org.br\/site\/wp-content\/uploads\/2019\/02\/bloco-corujas-2019.jpeg\"><img loading=\"lazy\" decoding=\"async\" class=\"alignright size-medium wp-image-20002\" alt=\"bloco corujas 2019\" src=\"http:\/\/www.adufpb.org.br\/site\/wp-content\/uploads\/2019\/02\/bloco-corujas-2019-212x300.jpeg\" width=\"212\" height=\"300\" srcset=\"https:\/\/www.adufpb.org.br\/site\/wp-content\/uploads\/2019\/02\/bloco-corujas-2019-212x300.jpeg 212w, https:\/\/www.adufpb.org.br\/site\/wp-content\/uploads\/2019\/02\/bloco-corujas-2019-725x1024.jpeg 725w, https:\/\/www.adufpb.org.br\/site\/wp-content\/uploads\/2019\/02\/bloco-corujas-2019.jpeg 907w\" sizes=\"auto, (max-width: 212px) 100vw, 212px\" \/><\/a>Com o tema \u201cCorujas de olho na \u2018reforma\u2019 da Previd\u00eancia\u201d, o bloco Corujas \u2013 Amantes da Folia, formado por professores filiados \u00e0 ADUFPB, vai sair na pr\u00f3xima sexta-feira, 1\u00ba de mar\u00e7o, no projeto Folia de Rua (a pr\u00e9via carnavalesca de Jo\u00e3o Pessoa), junto com o bloco Cafu\u00e7u. A concentra\u00e7\u00e3o acontecer\u00e1 na Pra\u00e7a Rio Branco, no Centro, a partir das 20h.<\/p>\n<p>No local, a anima\u00e7\u00e3o ficar\u00e1 por conta dos cantores Kennedy Costa e Tony Leone e Banda, que se apresentar\u00e3o num palco montado na Pra\u00e7a Rio Branco trazendo um repert\u00f3rio de frevos, marchinhas e tradicionais hits do carnaval. Antes da apresenta\u00e7\u00e3o principal, um DJ far\u00e1 um esquenta com m\u00fasicas bregas e de carnaval para agitar os foli\u00f5es.<\/p>\n<p>No local, os filiados da ADUFPB ter\u00e3o \u00e0 disposi\u00e7\u00e3o um ponto de apoio com distribui\u00e7\u00e3o de refrigerantes, cerveja e \u00e1gua mineral conseguidos com apoiadores e patrocinadores do Bloco Corujas. Assim como no ano passado, o sindicato quer chamar a aten\u00e7\u00e3o dos foli\u00f5es para o atual projeto da chamada reforma da Previd\u00eancia, rec\u00e9m apresentado pelo governo Bolsonaro. A ADUFPB quer aproveitar o Carnaval para levar informa\u00e7\u00f5es e protestar contra os ataques aos direitos dos trabalhadores e trabalhadoras do Brasil.<\/p>\n<p>\u201cN\u00e3o podemos deixar que o carnaval seja usado para nos desmobilizar. Pelo contr\u00e1rio! Vamos usar a folia para externar nossa insatisfa\u00e7\u00e3o e reprovar esse ataque \u00e0 aposentadoria dos trabalhadores brasileiros\u201d, disse o presidente da ADUFPB, Cristiano Bonneau, refor\u00e7ando que, assim como nos anos anteriores, o sindicato sempre levou sua pol\u00edtica em defesa da classe docentes e dos trabalhadores e trabalhadoras para o bloco Corujas.<\/p>\n<p><strong>O bloco<\/strong><\/p>\n<p>Formado por docentes da Universidade Federal da Para\u00edba e organizado pela ADUFPB, o bloco \u201cCorujas \u2013 Amantes da Folia\u201d teve sua estreia em 2006. O primeiro ano do bloco foi no Bar do Baiano, no bairro dos Banc\u00e1rios. Animada por uma orquestra de frevo, a festa, j\u00e1 na concentra\u00e7\u00e3o das Corujas, foi marcada pela execu\u00e7\u00e3o do hino oficial do grupo, composto e interpretado pelo professor Salvador Di Alc\u00e2ntara.<\/p>\n<p>Ap\u00f3s seis anos, o \u201cCorujas \u2013 Amantes da Folia\u201d retornou \u00e0s ruas e arrastou centenas de foli\u00f5es, fazendo do bloco um dos mais destacados daquela noite do pr\u00e9-carnaval em Jo\u00e3o Pessoa. O percurso de quase dois quil\u00f4metros foi conquistado no canto e na dan\u00e7a, ao som da orquestra e no balan\u00e7o majestoso do estandarte. Este ano, o bloco ganhou o apoio cultural da operadora de telefonia Claro.<\/p>\n<p><em>Fonte: Ascom ADUFPB<\/em><\/p>\n","protected":false},"excerpt":{"rendered":"<p>Com o tema \u201cCorujas de olho na \u2018reforma\u2019 da Previd\u00eancia\u201d, o bloco Corujas \u2013 Amantes da Folia, formado por professores filiados \u00e0 ADUFPB, vai sair na pr\u00f3xima sexta-feira, 1\u00ba de mar\u00e7o, no projeto Folia de Rua (a pr\u00e9via carnavalesca de Jo\u00e3o Pessoa), junto com o bloco Cafu\u00e7u. A concentra\u00e7\u00e3o acontecer\u00e1 na Pra\u00e7a Rio Branco, no&hellip;<\/p>\n","protected":false},"author":3,"featured_media":20002,"comment_status":"closed","ping_status":"closed","sticky":false,"template":"","format":"standard","meta":{"footnotes":""},"categories":[15,417],"tags":[311,113,303,310,199,294],"class_list":["post-20001","post","type-post","status-publish","format-standard","has-post-thumbnail","hentry","category-noticias","category-noticias-destaque","tag-cafucus","tag-carnaval","tag-corujas","tag-folia-de-rua","tag-previdencia","tag-reforma-da-previdencia","category-15","category-417","description-off"],"_links":{"self":[{"href":"https:\/\/www.adufpb.org.br\/site\/wp-json\/wp\/v2\/posts\/20001","targetHints":{"allow":["GET"]}}],"collection":[{"href":"https:\/\/www.adufpb.org.br\/site\/wp-json\/wp\/v2\/posts"}],"about":[{"href":"https:\/\/www.adufpb.org.br\/site\/wp-json\/wp\/v2\/types\/post"}],"author":[{"embeddable":true,"href":"https:\/\/www.adufpb.org.br\/site\/wp-json\/wp\/v2\/users\/3"}],"replies":[{"embeddable":true,"href":"https:\/\/www.adufpb.org.br\/site\/wp-json\/wp\/v2\/comments?post=20001"}],"version-history":[{"count":3,"href":"https:\/\/www.adufpb.org.br\/site\/wp-json\/wp\/v2\/posts\/20001\/revisions"}],"predecessor-version":[{"id":20014,"href":"https:\/\/www.adufpb.org.br\/site\/wp-json\/wp\/v2\/posts\/20001\/revisions\/20014"}],"wp:featuredmedia":[{"embeddable":true,"href":"https:\/\/www.adufpb.org.br\/site\/wp-json\/wp\/v2\/media\/20002"}],"wp:attachment":[{"href":"https:\/\/www.adufpb.org.br\/site\/wp-json\/wp\/v2\/media?parent=20001"}],"wp:term":[{"taxonomy":"category","embeddable":true,"href":"https:\/\/www.adufpb.org.br\/site\/wp-json\/wp\/v2\/categories?post=20001"},{"taxonomy":"post_tag","embeddable":true,"href":"https:\/\/www.adufpb.org.br\/site\/wp-json\/wp\/v2\/tags?post=20001"}],"curies":[{"name":"wp","href":"https:\/\/api.w.org\/{rel}","templated":true}]}}