{"id":19981,"date":"2019-02-25T11:44:56","date_gmt":"2019-02-25T14:44:56","guid":{"rendered":"http:\/\/www.adufpb.org.br\/site\/?p=19981"},"modified":"2019-02-25T11:55:16","modified_gmt":"2019-02-25T14:55:16","slug":"forum-em-defesa-da-previdencia-retoma-atividades-e-faz-reuniao-dia-262","status":"publish","type":"post","link":"https:\/\/www.adufpb.org.br\/site\/forum-em-defesa-da-previdencia-retoma-atividades-e-faz-reuniao-dia-262\/","title":{"rendered":"F\u00f3rum em Defesa da Previd\u00eancia retoma atividades e faz reuni\u00e3o dia 26\/2"},"content":{"rendered":"<p dir=\"ltr\"><a href=\"http:\/\/www.adufpb.org.br\/site\/wp-content\/uploads\/2019\/02\/reuni\u00e3o-forum-da-previdencia-26.02.2019.jpeg\"><img loading=\"lazy\" decoding=\"async\" class=\"alignright size-medium wp-image-19982\" alt=\"reuni\u00e3o forum da previdencia - 26.02.2019\" src=\"http:\/\/www.adufpb.org.br\/site\/wp-content\/uploads\/2019\/02\/reuni\u00e3o-forum-da-previdencia-26.02.2019-214x300.jpeg\" width=\"214\" height=\"300\" srcset=\"https:\/\/www.adufpb.org.br\/site\/wp-content\/uploads\/2019\/02\/reuni\u00e3o-forum-da-previdencia-26.02.2019-214x300.jpeg 214w, https:\/\/www.adufpb.org.br\/site\/wp-content\/uploads\/2019\/02\/reuni\u00e3o-forum-da-previdencia-26.02.2019-732x1024.jpeg 732w, https:\/\/www.adufpb.org.br\/site\/wp-content\/uploads\/2019\/02\/reuni\u00e3o-forum-da-previdencia-26.02.2019.jpeg 916w\" sizes=\"auto, (max-width: 214px) 100vw, 214px\" \/><\/a>O ano de 2019 come\u00e7ou com novas amea\u00e7as \u00e0 Previd\u00eancia Social. A dita \u201creforma\u201d apresentada pelo governo Bolsonaro consegue ser ainda mais dura e cruel do que o projeto do ex-presidente Michel Temer, que ainda tramita no Congresso. O texto do novo governo foi apresentado no dia 20 de fevereiro e, desde ent\u00e3o, vem repercutindo negativamente em toda a popula\u00e7\u00e3o.<\/p>\n<p dir=\"ltr\">Entre as propostas est\u00e1 o aumento da idade m\u00ednima de aposentadoria e o fim da aposentadoria por contribui\u00e7\u00e3o. Al\u00e9m disso, o segurado s\u00f3 ter\u00e1 direito a receber 100% da m\u00e9dia dos sal\u00e1rios de contribui\u00e7\u00e3o ap\u00f3s 40 anos de trabalho.<\/p>\n<p dir=\"ltr\">O projeto tamb\u00e9m reduz o Benef\u00edcio de Presta\u00e7\u00e3o Continuada (BPC) &#8211; pago a idosos e deficientes que n\u00e3o possam se manter e n\u00e3o possam ser mantidos por suas fam\u00edlias &#8211; de R$ 998 para R$ 400, sem vincula\u00e7\u00e3o com o sal\u00e1rio m\u00ednimo.<\/p>\n<p dir=\"ltr\">Uma das mudan\u00e7as mais graves \u00e9 a institui\u00e7\u00e3o de um sistema de capitaliza\u00e7\u00e3o individual, o mesmo utilizado, por exemplo, no Chile, onde 90% dos aposentados recebam menos de um sal\u00e1rio m\u00ednimo. Por causa da situa\u00e7\u00e3o de mis\u00e9ria, o pa\u00eds registra hoje taxas recordes de suic\u00eddio entre idosos.<\/p>\n<p dir=\"ltr\">Est\u00e1 claro que o momento exige um trabalho articulado dos sindicatos e dos movimentos sociais para esclarecer a popula\u00e7\u00e3o e mobilizar a sociedade contra mais esse ataque aos nossos direitos. Desta forma, a ADUFPB est\u00e1 retomando as atividades do F\u00f3rum em Defesa da Previd\u00eancia, movimento criado em fevereiro de 2017 com a participa\u00e7\u00e3o de diversas entidades para discutir e planejar a\u00e7\u00f5es de resist\u00eancia \u00e0 chamada \u201creforma\u201d.<\/p>\n<p dir=\"ltr\"><strong><span style=\"font-size: medium;\">Esse rein\u00edcio ser\u00e1 marcado por uma reuni\u00e3o na pr\u00f3xima ter\u00e7a-feira, 26\/2, \u00e0s 19h, na sede da ADUFPB, localizada no Centro de Viv\u00eancia do campus I, em Jo\u00e3o Pessoa. Segundo o coordenador do F\u00f3rum, professor Marcelo Sitcovsky, a proposta \u00e9 agregar o maior n\u00famero poss\u00edvel de lideran\u00e7as para construir as lutas necess\u00e1rias contra os ataques ao direito do trabalhador a uma aposentadoria digna.<\/span><\/strong><\/p>\n<p dir=\"ltr\">Igualmente, a entidade tamb\u00e9m est\u00e1 reativando o blog \u201cDossi\u00ea da Previd\u00eancia\u201d (www.adufpb.org.br\/previdencia), onde ser\u00e3o disponibilizados materiais informativos sobre as a\u00e7\u00f5es de mobiliza\u00e7\u00e3o, textos, gr\u00e1ficos e v\u00eddeos de an\u00e1lise sobre o projeto do governo Bolsonaro e documentos oficiais relativos \u00e0 proposta (projeto, resumos, tramita\u00e7\u00e3o no Congresso).<\/p>\n<p dir=\"ltr\">Convidamos toda a sociedade a juntar-se a essa mobiliza\u00e7\u00e3o!<\/p>\n","protected":false},"excerpt":{"rendered":"<p>O ano de 2019 come\u00e7ou com novas amea\u00e7as \u00e0 Previd\u00eancia Social. A dita \u201creforma\u201d apresentada pelo governo Bolsonaro consegue ser ainda mais dura e cruel do que o projeto do ex-presidente Michel Temer, que ainda tramita no Congresso. O texto do novo governo foi apresentado no dia 20 de fevereiro e, desde ent\u00e3o, vem repercutindo&hellip;<\/p>\n","protected":false},"author":3,"featured_media":0,"comment_status":"closed","ping_status":"closed","sticky":false,"template":"","format":"standard","meta":{"footnotes":""},"categories":[15,417],"tags":[1013,199,294],"class_list":["post-19981","post","type-post","status-publish","format-standard","hentry","category-noticias","category-noticias-destaque","tag-forum-em-defesa-da-previdencia","tag-previdencia","tag-reforma-da-previdencia","category-15","category-417","description-off"],"_links":{"self":[{"href":"https:\/\/www.adufpb.org.br\/site\/wp-json\/wp\/v2\/posts\/19981","targetHints":{"allow":["GET"]}}],"collection":[{"href":"https:\/\/www.adufpb.org.br\/site\/wp-json\/wp\/v2\/posts"}],"about":[{"href":"https:\/\/www.adufpb.org.br\/site\/wp-json\/wp\/v2\/types\/post"}],"author":[{"embeddable":true,"href":"https:\/\/www.adufpb.org.br\/site\/wp-json\/wp\/v2\/users\/3"}],"replies":[{"embeddable":true,"href":"https:\/\/www.adufpb.org.br\/site\/wp-json\/wp\/v2\/comments?post=19981"}],"version-history":[{"count":2,"href":"https:\/\/www.adufpb.org.br\/site\/wp-json\/wp\/v2\/posts\/19981\/revisions"}],"predecessor-version":[{"id":19987,"href":"https:\/\/www.adufpb.org.br\/site\/wp-json\/wp\/v2\/posts\/19981\/revisions\/19987"}],"wp:attachment":[{"href":"https:\/\/www.adufpb.org.br\/site\/wp-json\/wp\/v2\/media?parent=19981"}],"wp:term":[{"taxonomy":"category","embeddable":true,"href":"https:\/\/www.adufpb.org.br\/site\/wp-json\/wp\/v2\/categories?post=19981"},{"taxonomy":"post_tag","embeddable":true,"href":"https:\/\/www.adufpb.org.br\/site\/wp-json\/wp\/v2\/tags?post=19981"}],"curies":[{"name":"wp","href":"https:\/\/api.w.org\/{rel}","templated":true}]}}