{"id":19961,"date":"2019-02-18T12:06:29","date_gmt":"2019-02-18T15:06:29","guid":{"rendered":"http:\/\/www.adufpb.org.br\/site\/?p=19961"},"modified":"2019-02-25T11:42:17","modified_gmt":"2019-02-25T14:42:17","slug":"19961","status":"publish","type":"post","link":"https:\/\/www.adufpb.org.br\/site\/19961\/","title":{"rendered":"ADUFPB realiza assembleia na pr\u00f3xima quinta-feira (21\/2)"},"content":{"rendered":"<p>Os professores da UFPB voltam a se reunir em assembleia geral na pr\u00f3xima quinta-feira, dia 21 de fevereiro. Em pauta:\u00a0informes, repasse do Congresso do Andes, reforma da Previd\u00eancia,\u00a0GEAP e encaminhamentos. A assembleia ser\u00e1 realizada no audit\u00f3rio da Reitoria, no campus I, em Jo\u00e3o Pessoa, a partir das 9h.<\/p>\n<table border=\"0\">\n<tbody>\n<tr>\n<td><strong>AGENDE-SE<\/strong><\/p>\n<p>&nbsp;<\/p>\n<p><strong>Assembleia Geral<\/strong><\/p>\n<p><strong>Data:<\/strong>\u00a0quinta-feira, 21 de fevereiro<\/p>\n<p><strong>Hor\u00e1rio:<\/strong>\u00a09h<\/p>\n<p><strong>Local:<\/strong>\u00a0Audit\u00f3rio da Reitoria<\/p>\n<p><strong>Pauta<\/strong><br \/>\n1. Informes.<br \/>\n2. Repasse do Congresso do Andes<br \/>\n3. Reforma da Previd\u00eancia<br \/>\n4. GEAP<br \/>\n5. Encaminhamentos.<\/td>\n<\/tr>\n<\/tbody>\n<\/table>\n","protected":false},"excerpt":{"rendered":"<p>Os professores da UFPB voltam a se reunir em assembleia geral na pr\u00f3xima quinta-feira, dia 21 de fevereiro. Em pauta:\u00a0informes, repasse do Congresso do Andes, reforma da Previd\u00eancia,\u00a0GEAP e encaminhamentos. A assembleia ser\u00e1 realizada no audit\u00f3rio da Reitoria, no campus I, em Jo\u00e3o Pessoa, a partir das 9h. AGENDE-SE &nbsp; Assembleia Geral Data:\u00a0quinta-feira, 21 de&hellip;<\/p>\n","protected":false},"author":3,"featured_media":19962,"comment_status":"closed","ping_status":"closed","sticky":false,"template":"","format":"standard","meta":{"footnotes":""},"categories":[15,417],"tags":[816,269,75,294],"class_list":["post-19961","post","type-post","status-publish","format-standard","has-post-thumbnail","hentry","category-noticias","category-noticias-destaque","tag-assembleia","tag-congresso-do-andes","tag-geap","tag-reforma-da-previdencia","category-15","category-417","description-off"],"_links":{"self":[{"href":"https:\/\/www.adufpb.org.br\/site\/wp-json\/wp\/v2\/posts\/19961","targetHints":{"allow":["GET"]}}],"collection":[{"href":"https:\/\/www.adufpb.org.br\/site\/wp-json\/wp\/v2\/posts"}],"about":[{"href":"https:\/\/www.adufpb.org.br\/site\/wp-json\/wp\/v2\/types\/post"}],"author":[{"embeddable":true,"href":"https:\/\/www.adufpb.org.br\/site\/wp-json\/wp\/v2\/users\/3"}],"replies":[{"embeddable":true,"href":"https:\/\/www.adufpb.org.br\/site\/wp-json\/wp\/v2\/comments?post=19961"}],"version-history":[{"count":5,"href":"https:\/\/www.adufpb.org.br\/site\/wp-json\/wp\/v2\/posts\/19961\/revisions"}],"predecessor-version":[{"id":19965,"href":"https:\/\/www.adufpb.org.br\/site\/wp-json\/wp\/v2\/posts\/19961\/revisions\/19965"}],"wp:featuredmedia":[{"embeddable":true,"href":"https:\/\/www.adufpb.org.br\/site\/wp-json\/wp\/v2\/media\/19962"}],"wp:attachment":[{"href":"https:\/\/www.adufpb.org.br\/site\/wp-json\/wp\/v2\/media?parent=19961"}],"wp:term":[{"taxonomy":"category","embeddable":true,"href":"https:\/\/www.adufpb.org.br\/site\/wp-json\/wp\/v2\/categories?post=19961"},{"taxonomy":"post_tag","embeddable":true,"href":"https:\/\/www.adufpb.org.br\/site\/wp-json\/wp\/v2\/tags?post=19961"}],"curies":[{"name":"wp","href":"https:\/\/api.w.org\/{rel}","templated":true}]}}