{"id":19920,"date":"2019-02-11T11:47:27","date_gmt":"2019-02-11T14:47:27","guid":{"rendered":"http:\/\/www.adufpb.org.br\/site\/?p=19920"},"modified":"2019-02-11T11:47:27","modified_gmt":"2019-02-11T14:47:27","slug":"convocacao-para-reuniao-preparatoria-do-iii-ene-etapa-estadual-paraiba","status":"publish","type":"post","link":"https:\/\/www.adufpb.org.br\/site\/convocacao-para-reuniao-preparatoria-do-iii-ene-etapa-estadual-paraiba\/","title":{"rendered":"Convoca\u00e7\u00e3o para reuni\u00e3o preparat\u00f3ria do III ENE &#8211; Etapa estadual Para\u00edba"},"content":{"rendered":"<p>Convocamos todas as entidades paraibanas que integrar\u00e3o o III ENE &#8211; Encontro Nacional Educa\u00e7\u00e3o (2019) \u2013 e de suas etapas estaduais, para participarem da reuni\u00e3o de prepara\u00e7\u00e3o que ser\u00e1 realizada no dia 15 de fevereiro de 2019, \u00e0s 15 horas, na sede da Subsecretaria da ADUFPB, no Campus IV, em Mamanguape.<\/p>\n<p>Haver\u00e1 transporte para os participantes saindo do Campus I da UFPB (Centro de Viv\u00eancia) \u00e0s 13h, com vagas limitadas. Para isso, \u00e9 necess\u00e1rio a confirma\u00e7\u00e3o at\u00e9 o dia 14 de fevereiro dos membros representantes das entidades interessadas no evento. A reserva pode ser feita diretamente na recep\u00e7\u00e3o ADUFPB, ou pelo e-mail do sindicato (adufpb@terra.com.br), informando o nome e a fun\u00e7\u00e3o do representante na entidade, com telefones para contato.<\/p>\n<p>&nbsp;<\/p>\n<p><a href=\"http:\/\/www.adufpb.org.br\/site\/wp-content\/uploads\/2019\/02\/convoca\u00e7\u00e3o-para-reuni\u00e3o-preparat\u00f3ria-do-ENE.jpeg\"><img loading=\"lazy\" decoding=\"async\" class=\"aligncenter size-large wp-image-19921\" alt=\"convoca\u00e7\u00e3o para reuni\u00e3o preparat\u00f3ria do ENE\" src=\"http:\/\/www.adufpb.org.br\/site\/wp-content\/uploads\/2019\/02\/convoca\u00e7\u00e3o-para-reuni\u00e3o-preparat\u00f3ria-do-ENE-725x1024.jpeg\" width=\"725\" height=\"1024\" srcset=\"https:\/\/www.adufpb.org.br\/site\/wp-content\/uploads\/2019\/02\/convoca\u00e7\u00e3o-para-reuni\u00e3o-preparat\u00f3ria-do-ENE-725x1024.jpeg 725w, https:\/\/www.adufpb.org.br\/site\/wp-content\/uploads\/2019\/02\/convoca\u00e7\u00e3o-para-reuni\u00e3o-preparat\u00f3ria-do-ENE-212x300.jpeg 212w, https:\/\/www.adufpb.org.br\/site\/wp-content\/uploads\/2019\/02\/convoca\u00e7\u00e3o-para-reuni\u00e3o-preparat\u00f3ria-do-ENE.jpeg 907w\" sizes=\"auto, (max-width: 725px) 100vw, 725px\" \/><\/a><\/p>\n<p><em>Fonte: Ascom ADUFPB<\/em><\/p>\n","protected":false},"excerpt":{"rendered":"<p>Convocamos todas as entidades paraibanas que integrar\u00e3o o III ENE &#8211; Encontro Nacional Educa\u00e7\u00e3o (2019) \u2013 e de suas etapas estaduais, para participarem da reuni\u00e3o de prepara\u00e7\u00e3o que ser\u00e1 realizada no dia 15 de fevereiro de 2019, \u00e0s 15 horas, na sede da Subsecretaria da ADUFPB, no Campus IV, em Mamanguape. Haver\u00e1 transporte para os&hellip;<\/p>\n","protected":false},"author":3,"featured_media":0,"comment_status":"closed","ping_status":"closed","sticky":false,"template":"","format":"standard","meta":{"footnotes":""},"categories":[15],"tags":[1219,771],"class_list":["post-19920","post","type-post","status-publish","format-standard","hentry","category-noticias","tag-encontro-estadual-de-educacao","tag-ene","category-15","description-off"],"_links":{"self":[{"href":"https:\/\/www.adufpb.org.br\/site\/wp-json\/wp\/v2\/posts\/19920","targetHints":{"allow":["GET"]}}],"collection":[{"href":"https:\/\/www.adufpb.org.br\/site\/wp-json\/wp\/v2\/posts"}],"about":[{"href":"https:\/\/www.adufpb.org.br\/site\/wp-json\/wp\/v2\/types\/post"}],"author":[{"embeddable":true,"href":"https:\/\/www.adufpb.org.br\/site\/wp-json\/wp\/v2\/users\/3"}],"replies":[{"embeddable":true,"href":"https:\/\/www.adufpb.org.br\/site\/wp-json\/wp\/v2\/comments?post=19920"}],"version-history":[{"count":1,"href":"https:\/\/www.adufpb.org.br\/site\/wp-json\/wp\/v2\/posts\/19920\/revisions"}],"predecessor-version":[{"id":19922,"href":"https:\/\/www.adufpb.org.br\/site\/wp-json\/wp\/v2\/posts\/19920\/revisions\/19922"}],"wp:attachment":[{"href":"https:\/\/www.adufpb.org.br\/site\/wp-json\/wp\/v2\/media?parent=19920"}],"wp:term":[{"taxonomy":"category","embeddable":true,"href":"https:\/\/www.adufpb.org.br\/site\/wp-json\/wp\/v2\/categories?post=19920"},{"taxonomy":"post_tag","embeddable":true,"href":"https:\/\/www.adufpb.org.br\/site\/wp-json\/wp\/v2\/tags?post=19920"}],"curies":[{"name":"wp","href":"https:\/\/api.w.org\/{rel}","templated":true}]}}