{"id":19892,"date":"2019-02-07T12:20:19","date_gmt":"2019-02-07T15:20:19","guid":{"rendered":"http:\/\/www.adufpb.org.br\/site\/?p=19892"},"modified":"2019-02-07T19:34:08","modified_gmt":"2019-02-07T22:34:08","slug":"adufpb-abre-inscricoes-para-o-projeto-sede-de-leitura-2019","status":"publish","type":"post","link":"https:\/\/www.adufpb.org.br\/site\/adufpb-abre-inscricoes-para-o-projeto-sede-de-leitura-2019\/","title":{"rendered":"ADUFPB abre inscri\u00e7\u00f5es para o  projeto Sede de Leitura 2019"},"content":{"rendered":"<p>J\u00e1 est\u00e3o abertas as inscri\u00e7\u00f5es para a primeira edi\u00e7\u00e3o de 2019 do projeto Sede de Leitura, da ADUFPB. O evento, realizado a cada semestre, promove o lan\u00e7amento de livros impressos, e-books, revistas e outras publica\u00e7\u00f5es impressas ou digitais de autoria de professores sindicalizados. A expectativa \u00e9 que esta edi\u00e7\u00e3o do Sede de Leitura tenha maior n\u00famero de participantes em rela\u00e7\u00e3o \u00e0 primeira edi\u00e7\u00e3o de 2018.<\/p>\n<p>A primeira edi\u00e7\u00e3o do Sede de Leitura deste ano est\u00e1 prevista para acontecer no dia 15 de mar\u00e7o, uma semana ap\u00f3s os festejos do Carnaval. Os interessados em participar podem confirmar inscri\u00e7\u00e3o at\u00e9 o dia 4 de mar\u00e7o. Para isso, \u00e9 necess\u00e1rio comparecer \u00e0 sede da ADUFPB, no Centro de Viv\u00eancia do campus I, preencher a ficha dispon\u00edvel na recep\u00e7\u00e3o e deixar um exemplar da publica\u00e7\u00e3o impressa a ser lan\u00e7ada. Para inscri\u00e7\u00f5es de e-books e outras publica\u00e7\u00f5es digitais, \u00e9 imprescind\u00edvel o preenchimento da ficha de inscri\u00e7\u00e3o na recep\u00e7\u00e3o do sindicato. A obra digital deve ser enviada em formato PDF para o e-mail: <a href=\"mailto:adufpb@terra.com.br\">adufpb@terra.com.br<\/a>, ou entregue em m\u00eddia de CD ou Pen Drive.<\/p>\n<p>A ADUFPB sugere aos professores e professoras interessados em participar do Sede de Leitura que inscrevam suas obras o mais breve poss\u00edvel. Assim, o sindicato far\u00e1 a divulga\u00e7\u00e3o individual das publica\u00e7\u00f5es \u00e0 medida que elas forem inscritas. A proposta \u00e9 ampliar o tempo de divulga\u00e7\u00e3o das obras e atingir um p\u00fablico maior de interessados para o evento.<\/p>\n<p>O lan\u00e7amento coletivo acontece na sede sociocultural da ADUFPB, localizada na rua Gilvan Muribeca, n\u00ba 88, bairro do Cabo Branco, e conta sempre com m\u00fasica ao vivo e coquetel para os convidados.<\/p>\n<p><em>Fonte: Ascom ADUFPB<\/em><\/p>\n","protected":false},"excerpt":{"rendered":"<p>J\u00e1 est\u00e3o abertas as inscri\u00e7\u00f5es para a primeira edi\u00e7\u00e3o de 2019 do projeto Sede de Leitura, da ADUFPB. O evento, realizado a cada semestre, promove o lan\u00e7amento de livros impressos, e-books, revistas e outras publica\u00e7\u00f5es impressas ou digitais de autoria de professores sindicalizados. A expectativa \u00e9 que esta edi\u00e7\u00e3o do Sede de Leitura tenha maior&hellip;<\/p>\n","protected":false},"author":4,"featured_media":19897,"comment_status":"closed","ping_status":"closed","sticky":false,"template":"","format":"standard","meta":{"footnotes":""},"categories":[15,417],"tags":[],"class_list":["post-19892","post","type-post","status-publish","format-standard","has-post-thumbnail","hentry","category-noticias","category-noticias-destaque","category-15","category-417","description-off"],"_links":{"self":[{"href":"https:\/\/www.adufpb.org.br\/site\/wp-json\/wp\/v2\/posts\/19892","targetHints":{"allow":["GET"]}}],"collection":[{"href":"https:\/\/www.adufpb.org.br\/site\/wp-json\/wp\/v2\/posts"}],"about":[{"href":"https:\/\/www.adufpb.org.br\/site\/wp-json\/wp\/v2\/types\/post"}],"author":[{"embeddable":true,"href":"https:\/\/www.adufpb.org.br\/site\/wp-json\/wp\/v2\/users\/4"}],"replies":[{"embeddable":true,"href":"https:\/\/www.adufpb.org.br\/site\/wp-json\/wp\/v2\/comments?post=19892"}],"version-history":[{"count":1,"href":"https:\/\/www.adufpb.org.br\/site\/wp-json\/wp\/v2\/posts\/19892\/revisions"}],"predecessor-version":[{"id":19898,"href":"https:\/\/www.adufpb.org.br\/site\/wp-json\/wp\/v2\/posts\/19892\/revisions\/19898"}],"wp:featuredmedia":[{"embeddable":true,"href":"https:\/\/www.adufpb.org.br\/site\/wp-json\/wp\/v2\/media\/19897"}],"wp:attachment":[{"href":"https:\/\/www.adufpb.org.br\/site\/wp-json\/wp\/v2\/media?parent=19892"}],"wp:term":[{"taxonomy":"category","embeddable":true,"href":"https:\/\/www.adufpb.org.br\/site\/wp-json\/wp\/v2\/categories?post=19892"},{"taxonomy":"post_tag","embeddable":true,"href":"https:\/\/www.adufpb.org.br\/site\/wp-json\/wp\/v2\/tags?post=19892"}],"curies":[{"name":"wp","href":"https:\/\/api.w.org\/{rel}","templated":true}]}}