{"id":19887,"date":"2019-02-06T16:03:45","date_gmt":"2019-02-06T19:03:45","guid":{"rendered":"http:\/\/www.adufpb.org.br\/site\/?p=19887"},"modified":"2019-02-06T16:03:45","modified_gmt":"2019-02-06T19:03:45","slug":"andes-sn-divulga-carta-de-belem-do-38o-congresso","status":"publish","type":"post","link":"https:\/\/www.adufpb.org.br\/site\/andes-sn-divulga-carta-de-belem-do-38o-congresso\/","title":{"rendered":"ANDES-SN divulga Carta de Bel\u00e9m do 38\u00ba Congresso"},"content":{"rendered":"<p>A diretoria do ANDES-SN divulgou nessa quarta-feira (6) a Carta de Bel\u00e9m, documento s\u00edntese do 38\u00ba Congresso do ANDES-SN. O evento foi realizado na Universidade Federal do Par\u00e1 (UFPA), entre 28 de janeiro e 2 de fevereiro. Teve como tema central \u201cPor Democracia, Educa\u00e7\u00e3o, Ci\u00eancia, Tecnologia e Servi\u00e7os P\u00fablicos: em defesa do trabalho e da carreira docente, pela revoga\u00e7\u00e3o da EC\/95\u201d.<\/p>\n<p>Durante seis dias, 598 participantes, entre delegados, observadores e convidados, discutiram e deliberaram sobre as pol\u00edticas que orientar\u00e3o as lutas da entidade no pr\u00f3ximo per\u00edodo.<\/p>\n<p>\u201cO Congresso reafirmou a concep\u00e7\u00e3o de sindicato classista e pela base com ampla democracia interna na esteira da hist\u00f3ria do Sindicato Nacional, al\u00e9m de sinalizar, desde a sua mesa de abertura, a necessidade de constru\u00e7\u00e3o da ampla unidade entre diversas entidades da classe trabalhadora em luta contra as medidas que intensificam a retirada de direitos\u201d, destaca a Carta.<\/p>\n<p>O documento ressalta que os debates do Tema 1, sobre conjuntura, apontaram a compreens\u00e3o da categoria de que o inimigo de classe \u00e9 \u00fanico. \u201cEssa constata\u00e7\u00e3o foi categ\u00f3rica no conjunto das interven\u00e7\u00f5es ao explicitar que as a\u00e7\u00f5es do governo federal, apontando amplos retrocessos, s\u00e3o express\u00e3o do projeto do capital\u201d, registra.<\/p>\n<p>A Carta de Bel\u00e9m traz os principais debates e resolu\u00e7\u00f5es do 38\u00ba Congresso tanto para o Plano Geral de Lutas da categoria docente como para o Plano de Lutas dos Setores do Sindicato Nacional. Lembra tamb\u00e9m a participa\u00e7\u00e3o dos congressistas do ato nacional realizado nos estados, no dia 31 de janeiro, em defesa dos direitos dos povos ind\u00edgenas.<\/p>\n<p>Destaca a homologa\u00e7\u00e3o da incorpora\u00e7\u00e3o do Sindiprol-Aduel como se\u00e7\u00e3o sindical do ANDES-SN, express\u00e3o da for\u00e7a do movimento docente e da necessidade de intensificar o trabalho de base. E ainda a delibera\u00e7\u00e3o pela realiza\u00e7\u00e3o do 39\u00ba Congresso do Sindicato Nacional na Universidade de S\u00e3o Paulo, sediado pela Adusp &#8211; Se\u00e7\u00e3o Sindical.<\/p>\n<p>O documento \u00e9 finalizado com o poema de Rui Barata, \u201cPrimeiro de Maio\u201d, que celebra a for\u00e7a da luta dos trabalhadores.<a href=\"http:\/\/www.andes.org.br\/diretorios\/files\/carta%20de%20bel%C3%A9m.pdf\" target=\"_blank\"> Confira aqui a \u00edntegra do documento<\/a>.<\/p>\n<p><em>FONTE: ANDES-SN<\/em><\/p>\n","protected":false},"excerpt":{"rendered":"<p>A diretoria do ANDES-SN divulgou nessa quarta-feira (6) a Carta de Bel\u00e9m, documento s\u00edntese do 38\u00ba Congresso do ANDES-SN. O evento foi realizado na Universidade Federal do Par\u00e1 (UFPA), entre 28 de janeiro e 2 de fevereiro. Teve como tema central \u201cPor Democracia, Educa\u00e7\u00e3o, Ci\u00eancia, Tecnologia e Servi\u00e7os P\u00fablicos: em defesa do trabalho e da&hellip;<\/p>\n","protected":false},"author":8,"featured_media":19888,"comment_status":"closed","ping_status":"closed","sticky":false,"template":"","format":"standard","meta":{"footnotes":""},"categories":[15,417],"tags":[1213],"class_list":["post-19887","post","type-post","status-publish","format-standard","has-post-thumbnail","hentry","category-noticias","category-noticias-destaque","tag-38o-congresso-do-andes","category-15","category-417","description-off"],"_links":{"self":[{"href":"https:\/\/www.adufpb.org.br\/site\/wp-json\/wp\/v2\/posts\/19887","targetHints":{"allow":["GET"]}}],"collection":[{"href":"https:\/\/www.adufpb.org.br\/site\/wp-json\/wp\/v2\/posts"}],"about":[{"href":"https:\/\/www.adufpb.org.br\/site\/wp-json\/wp\/v2\/types\/post"}],"author":[{"embeddable":true,"href":"https:\/\/www.adufpb.org.br\/site\/wp-json\/wp\/v2\/users\/8"}],"replies":[{"embeddable":true,"href":"https:\/\/www.adufpb.org.br\/site\/wp-json\/wp\/v2\/comments?post=19887"}],"version-history":[{"count":1,"href":"https:\/\/www.adufpb.org.br\/site\/wp-json\/wp\/v2\/posts\/19887\/revisions"}],"predecessor-version":[{"id":19889,"href":"https:\/\/www.adufpb.org.br\/site\/wp-json\/wp\/v2\/posts\/19887\/revisions\/19889"}],"wp:featuredmedia":[{"embeddable":true,"href":"https:\/\/www.adufpb.org.br\/site\/wp-json\/wp\/v2\/media\/19888"}],"wp:attachment":[{"href":"https:\/\/www.adufpb.org.br\/site\/wp-json\/wp\/v2\/media?parent=19887"}],"wp:term":[{"taxonomy":"category","embeddable":true,"href":"https:\/\/www.adufpb.org.br\/site\/wp-json\/wp\/v2\/categories?post=19887"},{"taxonomy":"post_tag","embeddable":true,"href":"https:\/\/www.adufpb.org.br\/site\/wp-json\/wp\/v2\/tags?post=19887"}],"curies":[{"name":"wp","href":"https:\/\/api.w.org\/{rel}","templated":true}]}}