{"id":19853,"date":"2019-02-01T10:39:19","date_gmt":"2019-02-01T13:39:19","guid":{"rendered":"http:\/\/www.adufpb.org.br\/site\/?p=19853"},"modified":"2019-02-01T10:39:19","modified_gmt":"2019-02-01T13:39:19","slug":"brumadinho-e-um-dos-maiores-acidentes-de-trabalho-da-historia-do-brasil","status":"publish","type":"post","link":"https:\/\/www.adufpb.org.br\/site\/brumadinho-e-um-dos-maiores-acidentes-de-trabalho-da-historia-do-brasil\/","title":{"rendered":"Brumadinho \u00e9 um dos maiores acidentes de trabalho da hist\u00f3ria do Brasil"},"content":{"rendered":"<p><a href=\"http:\/\/www.adufpb.org.br\/site\/wp-content\/uploads\/2019\/02\/brumadinho-2_M\u00eddia-Ninja.jpg\"><img loading=\"lazy\" decoding=\"async\" class=\"alignright size-medium wp-image-19854\" alt=\"brumadinho 2_M\u00eddia Ninja\" src=\"http:\/\/www.adufpb.org.br\/site\/wp-content\/uploads\/2019\/02\/brumadinho-2_M\u00eddia-Ninja-300x199.jpg\" width=\"300\" height=\"199\" srcset=\"https:\/\/www.adufpb.org.br\/site\/wp-content\/uploads\/2019\/02\/brumadinho-2_M\u00eddia-Ninja-300x199.jpg 300w, https:\/\/www.adufpb.org.br\/site\/wp-content\/uploads\/2019\/02\/brumadinho-2_M\u00eddia-Ninja-1024x682.jpg 1024w, https:\/\/www.adufpb.org.br\/site\/wp-content\/uploads\/2019\/02\/brumadinho-2_M\u00eddia-Ninja.jpg 1280w\" sizes=\"auto, (max-width: 300px) 100vw, 300px\" \/><\/a>O rompimento da barragem de rejeitos Mina do Feij\u00e3o, em Brumadinho (MG), \u201c\u00e9 um dos maiores acidentes do trabalho verificados na hist\u00f3ria do Brasil\u201d. A observa\u00e7\u00e3o \u00e9 do desembargador Jorge Souto Maior, do Tribunal Regional do Trabalho (TRT-2), que \u00e9 tamb\u00e9m professor da Faculdade de Direito da USP.<\/p>\n<p>\u201cO notici\u00e1rio e as manifesta\u00e7\u00f5es sobre o fato n\u00e3o abordam o tema sob esse \u00e2ngulo, talvez partindo da considera\u00e7\u00e3o, plenamente correta, de que vidas s\u00e3o vidas e que n\u00e3o \u00e9 o caso de se fazer qualquer distin\u00e7\u00e3o quando se trata de externar consterna\u00e7\u00e3o pela dor humana\u201d, escreveu Souto Maior em artigo publicado em seu site pessoal.<\/p>\n<p>Por\u00e9m, continua o docente, \u00e9 preciso lembrar \u201cque essas mesmas pessoas, na qualidade de trabalhadores e trabalhadoras, t\u00eam sido v\u00edtimas de enormes ataques desferidos pelos mais diversos agentes p\u00fablicos nos \u00faltimos anos, sem que isso tenha sido percebido enquanto tal\u201d.<\/p>\n<p>O magistrado associou o cen\u00e1rio \u00e0 Reforma Trabalhista, bem como \u00e0 extin\u00e7\u00e3o do Minist\u00e9rio do Trabalho. Segundo ele, a fun\u00e7\u00e3o primordial do minist\u00e9rio era \u201cabarcar, com maior autonomia e independ\u00eancia, a auditoria fiscal do trabalho\u201d. Al\u00e9m disso, \u00e9 o \u00f3rg\u00e3o estatal respons\u00e1vel pelas inspe\u00e7\u00f5es nos locais de trabalho, para garantia da seguran\u00e7a e sa\u00fade dos trabalhadores.<\/p>\n<p>Souto Maior advertiu ainda que o novo governo cogita extinguir a Justi\u00e7a do Trabalho. Isso, segundo ele, \u201cgeraria, certamente, redu\u00e7\u00e3o da atua\u00e7\u00e3o do Minist\u00e9rio P\u00fablico do Trabalho e da advocacia trabalhista\u201d. E, automaticamente, preju\u00edzo expressivo para as rela\u00e7\u00f5es de trabalho.<\/p>\n<p>\u201cA situa\u00e7\u00e3o chegou ao ponto de que a identifica\u00e7\u00e3o da trag\u00e9dia como um acidente do trabalho pode resultar em uma diminui\u00e7\u00e3o do potencial jur\u00eddico punitivo dos culpados e da efic\u00e1cia reparat\u00f3ria das v\u00edtimas\u201d, ressaltou o docente.<\/p>\n<p>Na vis\u00e3o de Souto Maior, a reforma trabalhista representou \u201cuma rea\u00e7\u00e3o do poder econ\u00f4mico \u00e0 atua\u00e7\u00e3o do Poder Judici\u00e1rio trabalhista para uma libera\u00e7\u00e3o plena aos interesses imediatos e particulares de grandes empresas, como a Vale do Rio Doce, atual Vale S\/A\u201d.<\/p>\n<p><strong><a href=\"http:\/\/www.adufpb.org.br\/site\/wp-content\/uploads\/2019\/02\/Brumadinho_M\u00eddia-Ninja-2.jpg\"><img loading=\"lazy\" decoding=\"async\" class=\"alignright size-medium wp-image-19855\" alt=\"Brumadinho_M\u00eddia Ninja 2\" src=\"http:\/\/www.adufpb.org.br\/site\/wp-content\/uploads\/2019\/02\/Brumadinho_M\u00eddia-Ninja-2-300x199.jpg\" width=\"300\" height=\"199\" srcset=\"https:\/\/www.adufpb.org.br\/site\/wp-content\/uploads\/2019\/02\/Brumadinho_M\u00eddia-Ninja-2-300x199.jpg 300w, https:\/\/www.adufpb.org.br\/site\/wp-content\/uploads\/2019\/02\/Brumadinho_M\u00eddia-Ninja-2-1024x682.jpg 1024w, https:\/\/www.adufpb.org.br\/site\/wp-content\/uploads\/2019\/02\/Brumadinho_M\u00eddia-Ninja-2.jpg 1280w\" sizes=\"auto, (max-width: 300px) 100vw, 300px\" \/><\/a>Mortes no trabalho<\/strong><\/p>\n<p>At\u00e9 o momento, ao menos 100 pessoas morreram v\u00edtimas do crime ambiental em Brumadinho (MG) e 257 ainda est\u00e3o desaparecidas. Com isso, o rompimento da barragem da Vale pode ser considerado o maior acidente de trabalho registrado no pa\u00eds. No momento da trag\u00e9dia, centenas de trabalhadores da mineradora estavam no refeit\u00f3rio, em hor\u00e1rio de almo\u00e7o. Outros em \u00e1reas administrativas que foram cobertas pela lama de rejeitos.<\/p>\n<p>Antes de Brumadinho, o maior acidente de trabalho no Brasil tinha sido o desabamento de um galp\u00e3o em Belo Horizonte, capital mineira, com o registro de 69 mortos em 1971. Outra grande trag\u00e9dia no ambiente de trabalho aconteceu em Paul\u00ednia (SP) na Shell-Basf, que matou com a morte de pelo menos 65 pessoas. Os trabalhadores foram v\u00edtimas de agrot\u00f3xicos usados pela empresa e que contaminaram o solo. Mais de mil funcion\u00e1rios tamb\u00e9m foram afetados.<\/p>\n<p><em>* Mat\u00e9ria da Adusp SSind. com edi\u00e7\u00e3o e inclus\u00e3o de informa\u00e7\u00f5es ANDES-SN<\/em><\/p>\n<div><\/div>\n","protected":false},"excerpt":{"rendered":"<p>O rompimento da barragem de rejeitos Mina do Feij\u00e3o, em Brumadinho (MG), \u201c\u00e9 um dos maiores acidentes do trabalho verificados na hist\u00f3ria do Brasil\u201d. A observa\u00e7\u00e3o \u00e9 do desembargador Jorge Souto Maior, do Tribunal Regional do Trabalho (TRT-2), que \u00e9 tamb\u00e9m professor da Faculdade de Direito da USP. \u201cO notici\u00e1rio e as manifesta\u00e7\u00f5es sobre o&hellip;<\/p>\n","protected":false},"author":3,"featured_media":0,"comment_status":"closed","ping_status":"closed","sticky":false,"template":"","format":"standard","meta":{"footnotes":""},"categories":[15],"tags":[1211,1212],"class_list":["post-19853","post","type-post","status-publish","format-standard","hentry","category-noticias","tag-brumadinho","tag-vale-do-rio-doce","category-15","description-off"],"_links":{"self":[{"href":"https:\/\/www.adufpb.org.br\/site\/wp-json\/wp\/v2\/posts\/19853","targetHints":{"allow":["GET"]}}],"collection":[{"href":"https:\/\/www.adufpb.org.br\/site\/wp-json\/wp\/v2\/posts"}],"about":[{"href":"https:\/\/www.adufpb.org.br\/site\/wp-json\/wp\/v2\/types\/post"}],"author":[{"embeddable":true,"href":"https:\/\/www.adufpb.org.br\/site\/wp-json\/wp\/v2\/users\/3"}],"replies":[{"embeddable":true,"href":"https:\/\/www.adufpb.org.br\/site\/wp-json\/wp\/v2\/comments?post=19853"}],"version-history":[{"count":1,"href":"https:\/\/www.adufpb.org.br\/site\/wp-json\/wp\/v2\/posts\/19853\/revisions"}],"predecessor-version":[{"id":19856,"href":"https:\/\/www.adufpb.org.br\/site\/wp-json\/wp\/v2\/posts\/19853\/revisions\/19856"}],"wp:attachment":[{"href":"https:\/\/www.adufpb.org.br\/site\/wp-json\/wp\/v2\/media?parent=19853"}],"wp:term":[{"taxonomy":"category","embeddable":true,"href":"https:\/\/www.adufpb.org.br\/site\/wp-json\/wp\/v2\/categories?post=19853"},{"taxonomy":"post_tag","embeddable":true,"href":"https:\/\/www.adufpb.org.br\/site\/wp-json\/wp\/v2\/tags?post=19853"}],"curies":[{"name":"wp","href":"https:\/\/api.w.org\/{rel}","templated":true}]}}