{"id":1984,"date":"2011-08-25T12:31:41","date_gmt":"2011-08-25T16:31:41","guid":{"rendered":"http:\/\/www.adufpb.org.br\/site\/professores-aprovam-acordo-do-governo\/"},"modified":"2011-08-25T15:03:04","modified_gmt":"2011-08-25T19:03:04","slug":"professores-aprovam-acordo-do-governo","status":"publish","type":"post","link":"https:\/\/www.adufpb.org.br\/site\/professores-aprovam-acordo-do-governo\/","title":{"rendered":"Professores aprovam acordo do governo"},"content":{"rendered":"<p style=\"text-align: center;\"><br class=\"_&lt;br class=\" \/>&#8220;&gt;<br \/>\n<a href=\"http:\/\/www.adufpb.org.br\/site\/wp-content\/uploads\/2011\/08\/AG-25-08-2011_AUDIT\u00d3RIO-DA-REITORIA-DA-UFPB-07-1.jpg\"><img loading=\"lazy\" decoding=\"async\" class=\"aligncenter size-large wp-image-1986\" title=\"AG 25 08 2011_AUDIT\u00d3RIO DA REITORIA DA UFPB 07 (1)\" src=\"http:\/\/www.adufpb.org.br\/site\/wp-content\/uploads\/2011\/08\/AG-25-08-2011_AUDIT\u00d3RIO-DA-REITORIA-DA-UFPB-07-1-1023x325.jpg\" alt=\"AG 25 08 2011_AUDIT\u00d3RIO DA REITORIA DA UFPB 07 (1)\" width=\"573\" height=\"182\" srcset=\"https:\/\/www.adufpb.org.br\/site\/wp-content\/uploads\/2011\/08\/AG-25-08-2011_AUDIT\u00d3RIO-DA-REITORIA-DA-UFPB-07-1-1023x325.jpg 1023w, https:\/\/www.adufpb.org.br\/site\/wp-content\/uploads\/2011\/08\/AG-25-08-2011_AUDIT\u00d3RIO-DA-REITORIA-DA-UFPB-07-1-300x95.jpg 300w\" sizes=\"auto, (max-width: 573px) 100vw, 573px\" \/><\/a><\/p>\n<p>Os professores da Universidade Federal da Para\u00edba (UFPB) aprovaram nesta quinta-feira (25) a assinatura do acordo emergencial apresentado pelo Minist\u00e9rio do Planejamento. Foram favor\u00e1veis tamb\u00e9m \u00e0 transforma\u00e7\u00e3o do indicativo de greve da categoria em \u201cassembleia permanente\u201d e marcaram a primeira assembleia para o dia 1\u00ba de setembro. Desta forma, os docentes n\u00e3o entram em greve imediatamente, mas se posicionam em mobiliza\u00e7\u00e3o para garantir que o governo ir\u00e1 cumprir com as promessas do acordo.<\/p>\n<p>A assembleia desta quinta-feira lotou o audit\u00f3rio da reitoria. Estiveram presentes 422 professores. Desses, 189 votaram pela assinatura do acordo e 151, contr\u00e1rios. Foram registradas nove absten\u00e7\u00f5es. Em meio a longas discuss\u00f5es, pelo menos 20 docentes se inscreveram para apresentar suas opini\u00f5es e para apresentar propostas para o debate.<\/p>\n<p>Na quarta-feira (24), j\u00e1 havia sido realizada assembleia nos campi de Bananeiras e de Areia. Em Bananeiras, participaram da assembleia 55 professores. Todos votaram pela aprova\u00e7\u00e3o do acordo com o governo federal (que prop\u00f5e incorpora\u00e7\u00e3o das gratifica\u00e7\u00f5es e aumento de 4% sobre o valor total da remunera\u00e7\u00e3o). Em Areia, 30 docentes estiveram na reuni\u00e3o de quarta-feira. Desses, 25 votaram favor\u00e1veis \u00e0 proposta do governo e um votou contra. Foram registradas quatro absten\u00e7\u00f5es.<\/p>\n<p><br class=\"_mce_marker\" \/><strong><span style=\"text-decoration: underline;\">Total de votos (Jo\u00e3o Pessoa, Areia e Bananeiras)<\/span><\/strong><\/p>\n<p><strong>Favor\u00e1veis a assinar a proposta do governo: 269<\/strong><\/p>\n<p><strong>Contr\u00e1rios: 155<\/strong><\/p>\n<p><strong>Absten\u00e7\u00f5es: 9<\/strong><\/p>\n<p><em> Fonte: Ascom ADUFPB<\/em><\/p>\n","protected":false},"excerpt":{"rendered":"<p>&#8220;&gt; Os professores da Universidade Federal da Para\u00edba (UFPB) aprovaram nesta quinta-feira (25) a assinatura do acordo emergencial apresentado pelo Minist\u00e9rio do Planejamento. Foram favor\u00e1veis tamb\u00e9m \u00e0 transforma\u00e7\u00e3o do indicativo de greve da categoria em \u201cassembleia permanente\u201d e marcaram a primeira assembleia para o dia 1\u00ba de setembro. Desta forma, os docentes n\u00e3o entram em&hellip;<\/p>\n","protected":false},"author":3,"featured_media":0,"comment_status":"open","ping_status":"open","sticky":false,"template":"","format":"standard","meta":{"footnotes":""},"categories":[15],"tags":[95,190],"class_list":["post-1984","post","type-post","status-publish","format-standard","hentry","category-noticias","tag-assembleias","tag-campanha-salarial-2011","category-15","description-off"],"_links":{"self":[{"href":"https:\/\/www.adufpb.org.br\/site\/wp-json\/wp\/v2\/posts\/1984","targetHints":{"allow":["GET"]}}],"collection":[{"href":"https:\/\/www.adufpb.org.br\/site\/wp-json\/wp\/v2\/posts"}],"about":[{"href":"https:\/\/www.adufpb.org.br\/site\/wp-json\/wp\/v2\/types\/post"}],"author":[{"embeddable":true,"href":"https:\/\/www.adufpb.org.br\/site\/wp-json\/wp\/v2\/users\/3"}],"replies":[{"embeddable":true,"href":"https:\/\/www.adufpb.org.br\/site\/wp-json\/wp\/v2\/comments?post=1984"}],"version-history":[{"count":5,"href":"https:\/\/www.adufpb.org.br\/site\/wp-json\/wp\/v2\/posts\/1984\/revisions"}],"predecessor-version":[{"id":1990,"href":"https:\/\/www.adufpb.org.br\/site\/wp-json\/wp\/v2\/posts\/1984\/revisions\/1990"}],"wp:attachment":[{"href":"https:\/\/www.adufpb.org.br\/site\/wp-json\/wp\/v2\/media?parent=1984"}],"wp:term":[{"taxonomy":"category","embeddable":true,"href":"https:\/\/www.adufpb.org.br\/site\/wp-json\/wp\/v2\/categories?post=1984"},{"taxonomy":"post_tag","embeddable":true,"href":"https:\/\/www.adufpb.org.br\/site\/wp-json\/wp\/v2\/tags?post=1984"}],"curies":[{"name":"wp","href":"https:\/\/api.w.org\/{rel}","templated":true}]}}