{"id":1980,"date":"2011-08-25T08:20:13","date_gmt":"2011-08-25T12:20:13","guid":{"rendered":"http:\/\/www.adufpb.org.br\/site\/professores-da-ufpb-realizam-assembleia-para-decidir-sobre-greve\/"},"modified":"2011-08-25T08:22:17","modified_gmt":"2011-08-25T12:22:17","slug":"professores-da-ufpb-realizam-assembleia-para-decidir-sobre-greve","status":"publish","type":"post","link":"https:\/\/www.adufpb.org.br\/site\/professores-da-ufpb-realizam-assembleia-para-decidir-sobre-greve\/","title":{"rendered":"Professores da UFPB realizam assembleia para decidir sobre greve"},"content":{"rendered":"<p><img loading=\"lazy\" decoding=\"async\" class=\"alignleft size-full wp-image-1949\" title=\"ASSEMBLEIA DOS DOCENTES DA UFPB_18_08_2011_AUDIT\u00d3RIO DA REITORIA [04]\" src=\"http:\/\/www.adufpb.org.br\/site\/wp-content\/uploads\/2011\/08\/ASSEMBLEIA-DOS-DOCENTES-DA-UFPB_18_08_2011_AUDIT\u00d3RIO-DA-REITORIA-04.jpg\" alt=\"ASSEMBLEIA DOS DOCENTES DA UFPB_18_08_2011_AUDIT\u00d3RIO DA REITORIA [04]\" width=\"251\" height=\"188\" srcset=\"https:\/\/www.adufpb.org.br\/site\/wp-content\/uploads\/2011\/08\/ASSEMBLEIA-DOS-DOCENTES-DA-UFPB_18_08_2011_AUDIT\u00d3RIO-DA-REITORIA-04.jpg 2048w, https:\/\/www.adufpb.org.br\/site\/wp-content\/uploads\/2011\/08\/ASSEMBLEIA-DOS-DOCENTES-DA-UFPB_18_08_2011_AUDIT\u00d3RIO-DA-REITORIA-04-300x225.jpg 300w, https:\/\/www.adufpb.org.br\/site\/wp-content\/uploads\/2011\/08\/ASSEMBLEIA-DOS-DOCENTES-DA-UFPB_18_08_2011_AUDIT\u00d3RIO-DA-REITORIA-04-1024x768.jpg 1024w\" sizes=\"auto, (max-width: 251px) 100vw, 251px\" \/>Os professores da Universidade Federal da Para\u00edba (UFPB) realizam assembleia nesta quinta-feira (25), \u00e0s 9h, no audit\u00f3rio da Reitoria, para discutir a proposta salarial apresentada pelo Governo e para decidir se entram ou n\u00e3o em greve. Participam dos debates os docentes dos campi Jo\u00e3o Pessoa, Santa Rita e Litoral Norte.<\/p>\n<p>No campus de Bananeira e no de Areia, a assembleia organizada pela Adufpb (Sindicato dos Docentes da UFPB) aconteceu na quarta-feira (24) e a maioria dos presentes votou por aceitar a proposta do Governo e transformar o indicativo de greve em \u201cassembleia permanente\u201d para cobrar e acompanhar o cumprimento do acordo. Uma nova reuni\u00e3o geral dos professores foi marcada para o dia 31 de agosto, data em que deve ser encaminhada ao Congresso a Lei de Diretrizes Or\u00e7ament\u00e1rias (LDO) de 2012.<\/p>\n<p>Em Bananeiras, participaram da assembleia 55 professores. Todos votaram pela aprova\u00e7\u00e3o do acordo com o governo federal (que prop\u00f5e incorpora\u00e7\u00e3o das gratifica\u00e7\u00f5es e aumento de 4% sobre o valor total da remunera\u00e7\u00e3o). Em Areia, 30 professores participaram da reuni\u00e3o de quarta-feira. Desses, 25 votaram favor\u00e1veis \u00e0 proposta do governo e um votou contra. Foram registradas quatro absten\u00e7\u00f5es. Para definir a posi\u00e7\u00e3o final da categoria, esses n\u00fameros ser\u00e3o somados aos da vota\u00e7\u00e3o em Jo\u00e3o Pessoa.<\/p>\n<p>Sindicato nacional \u2013 Ainda nesta quinta-feira, \u00e0s 14h30, o Sindicato Nacional dos Docentes das Institui\u00e7\u00f5es de Ensino Superior (Andes-SN) apresenta ao Minist\u00e9rio do Planejamento, Or\u00e7amento e Gest\u00e3o (MPOG) uma resposta \u00e0 proposta final do Governo entregue no dia 19 de agosto. No texto, a \u00fanica altera\u00e7\u00e3o \u00e0 oferta anterior (apresentada no dia 17) foi a antecipa\u00e7\u00e3o de julho para mar\u00e7o da data de vig\u00eancia do acordo.<\/p>\n<p>O governo federal prop\u00f5e aumento de 4% na remunera\u00e7\u00e3o total (vencimento b\u00e1sico mais gratifica\u00e7\u00e3o) dos professores de Magist\u00e9rio Superior e do Ensino B\u00e1sico, T\u00e9cnico e Tecnol\u00f3gico. Oferece tamb\u00e9m incorpora\u00e7\u00e3o da gratifica\u00e7\u00e3o por Exerc\u00edcio do Magist\u00e9rio Superior (Gemas) e da Gratifica\u00e7\u00e3o de Atividade Docente de Ensino B\u00e1sico, T\u00e9cnico e Tecnol\u00f3gico (Gedbt), mas deixa a corre\u00e7\u00e3o das distor\u00e7\u00f5es ocorridas com a cria\u00e7\u00e3o da classe de professor associado para um momento seguinte.<\/p>\n<p>Para saber a opini\u00e3o da categoria sobre essa proposta, o Andes convocou rodadas de assembleia em todas as associa\u00e7\u00f5es sindicais do Pa\u00eds. O Sindicato Nacional j\u00e1 havia aprovado, no dia 13 de agosto, indicativo de greve sem data. Segundo informa\u00e7\u00f5es do Andes, as assembleias que v\u00eam sendo realizadas desde a semana passada expressam a disponibilidade para radicaliza\u00e7\u00e3o do movimento, com deflagra\u00e7\u00e3o de greve nacional.<\/p>\n<p>Veja os principais pontos da proposta final do Governo:<\/p>\n<p>&#8211; Incorpora\u00e7\u00e3o ao Vencimento B\u00e1sico (VB) da Gratifica\u00e7\u00e3o por Exerc\u00edcio do Magist\u00e9rio Superior (Gemas) para os docentes das carreiras de Magist\u00e9rio Superior (MS) a partir de mar\u00e7o de 2012;<\/p>\n<p>&#8211; Incorpora\u00e7\u00e3o ao Vencimento B\u00e1sico (VB) da Gratifica\u00e7\u00e3o de Atividade Docente de Ensino B\u00e1sico, T\u00e9cnico e Tecnol\u00f3gico (Gedbt) para os docentes do Ensino B\u00e1sico, T\u00e9cnico e Tecnol\u00f3gico (EBTT) a partir de mar\u00e7o de 2012;<\/p>\n<p>&#8211; Reajuste de 4% incidindo sobre o Vencimento B\u00e1sico \u2013 j\u00e1 com as gratifica\u00e7\u00f5es (Gemas e GEDBT) incorporadas \u2013 e sobre a Retribui\u00e7\u00e3o de Titula\u00e7\u00e3o (RT), isto \u00e9, sobre todas as colunas da composi\u00e7\u00e3o remunerat\u00f3ria, a partir de mar\u00e7o de 2012;<\/p>\n<p>&#8211; Compromisso com a reestrutura\u00e7\u00e3o da carreira, por meio da cria\u00e7\u00e3o de grupo de trabalho formado por Minist\u00e9rio do Planejamento, MEC e entidades representativas \u2013 atrav\u00e9s de publica\u00e7\u00e3o imediata de uma Portaria Interministerial \u2013 para debater o assunto e com prazo de conclus\u00e3o para 31 de mar\u00e7o de 2012.<\/p>\n<p>&#8211; Compromisso de promover equipara\u00e7\u00e3o remunerat\u00f3ria das carreiras de Magist\u00e9rio Superior e de Ensino B\u00e1sico, T\u00e9cnico e Tecnol\u00f3gico com as carreiras de Ci\u00eancia e Tecnologia, a partir de janeiro de 2013.<\/p>\n<p>&#8211; Compromisso de reconhecimento das perdas acumuladas pela categoria, tema que voltar\u00e1 a discuss\u00e3o na negocia\u00e7\u00e3o do pr\u00f3ximo ano;<\/p>\n<p>&#8211; Compromisso do Governo de discutir, no Grupo de Trabalho, as quest\u00f5es pendentes dos acordos assinados em 5 de dezembro de 2007 (MS) e 20 de mar\u00e7o de 2008 (EBTT), inclusive as relativas \u00e0s regulamenta\u00e7\u00f5es pertinentes de medidas a\u00ed definidas.<br \/>\n<span style=\"text-decoration: underline;\"><br \/>\n<strong><br \/>\nAssembleia Geral<\/strong><\/span><br \/>\n<em>Jo\u00e3o Pessoa<\/em><br \/>\n<strong>Local: <\/strong>Audit\u00f3rio da Reitoria da UFPB<br \/>\n<strong>Data: <\/strong>25\/08, quinta-feira<br \/>\n<strong>Hor\u00e1rio:<\/strong> 9h<br \/>\n<strong>Pauta:<\/strong><br \/>\n&#8211; An\u00e1lise da proposta final do Governo<br \/>\n&#8211; Defini\u00e7\u00e3o do posicionamento do ANDES-SN<br \/>\n&#8211; Indicativo de greve<\/p>\n","protected":false},"excerpt":{"rendered":"<p>Os professores da Universidade Federal da Para\u00edba (UFPB) realizam assembleia nesta quinta-feira (25), \u00e0s 9h, no audit\u00f3rio da Reitoria, para discutir a proposta salarial apresentada pelo Governo e para decidir se entram ou n\u00e3o em greve. Participam dos debates os docentes dos campi Jo\u00e3o Pessoa, Santa Rita e Litoral Norte. No campus de Bananeira e&hellip;<\/p>\n","protected":false},"author":1,"featured_media":0,"comment_status":"open","ping_status":"open","sticky":false,"template":"","format":"standard","meta":{"footnotes":""},"categories":[15],"tags":[816,143,57],"class_list":["post-1980","post","type-post","status-publish","format-standard","hentry","category-noticias","tag-assembleia","tag-campanha-salarial","tag-eventos","category-15","description-off"],"_links":{"self":[{"href":"https:\/\/www.adufpb.org.br\/site\/wp-json\/wp\/v2\/posts\/1980","targetHints":{"allow":["GET"]}}],"collection":[{"href":"https:\/\/www.adufpb.org.br\/site\/wp-json\/wp\/v2\/posts"}],"about":[{"href":"https:\/\/www.adufpb.org.br\/site\/wp-json\/wp\/v2\/types\/post"}],"author":[{"embeddable":true,"href":"https:\/\/www.adufpb.org.br\/site\/wp-json\/wp\/v2\/users\/1"}],"replies":[{"embeddable":true,"href":"https:\/\/www.adufpb.org.br\/site\/wp-json\/wp\/v2\/comments?post=1980"}],"version-history":[{"count":3,"href":"https:\/\/www.adufpb.org.br\/site\/wp-json\/wp\/v2\/posts\/1980\/revisions"}],"predecessor-version":[{"id":1983,"href":"https:\/\/www.adufpb.org.br\/site\/wp-json\/wp\/v2\/posts\/1980\/revisions\/1983"}],"wp:attachment":[{"href":"https:\/\/www.adufpb.org.br\/site\/wp-json\/wp\/v2\/media?parent=1980"}],"wp:term":[{"taxonomy":"category","embeddable":true,"href":"https:\/\/www.adufpb.org.br\/site\/wp-json\/wp\/v2\/categories?post=1980"},{"taxonomy":"post_tag","embeddable":true,"href":"https:\/\/www.adufpb.org.br\/site\/wp-json\/wp\/v2\/tags?post=1980"}],"curies":[{"name":"wp","href":"https:\/\/api.w.org\/{rel}","templated":true}]}}