{"id":19771,"date":"2019-01-10T11:50:20","date_gmt":"2019-01-10T14:50:20","guid":{"rendered":"http:\/\/www.adufpb.org.br\/site\/?p=19771"},"modified":"2019-01-10T11:50:20","modified_gmt":"2019-01-10T14:50:20","slug":"paulo-guedes-quer-previdencia-com-regime-de-capitalizacao","status":"publish","type":"post","link":"https:\/\/www.adufpb.org.br\/site\/paulo-guedes-quer-previdencia-com-regime-de-capitalizacao\/","title":{"rendered":"Paulo Guedes quer Previd\u00eancia com regime de capitaliza\u00e7\u00e3o"},"content":{"rendered":"<p><em>Modelo faz aposentados chilenos viverem na mis\u00e9ria<\/em><\/p>\n<p><a href=\"http:\/\/www.adufpb.org.br\/site\/wp-content\/uploads\/2019\/01\/paulo-guedes.jpg\"><img loading=\"lazy\" decoding=\"async\" class=\"alignright size-medium wp-image-19772\" alt=\"paulo guedes\" src=\"http:\/\/www.adufpb.org.br\/site\/wp-content\/uploads\/2019\/01\/paulo-guedes-300x156.jpg\" width=\"300\" height=\"156\" srcset=\"https:\/\/www.adufpb.org.br\/site\/wp-content\/uploads\/2019\/01\/paulo-guedes-300x156.jpg 300w, https:\/\/www.adufpb.org.br\/site\/wp-content\/uploads\/2019\/01\/paulo-guedes.jpg 500w\" sizes=\"auto, (max-width: 300px) 100vw, 300px\" \/><\/a>O ministro da economia Paulo Guedes quer incluir o regime de capitaliza\u00e7\u00e3o na Reforma da Previd\u00eancia. Caso essa proposta seja aprovada, cada trabalhador contribuir\u00e1 individualmente para sua pr\u00f3pria aposentadoria, por meio de institui\u00e7\u00f5es privadas. N\u00e3o haver\u00e1 contribui\u00e7\u00e3o patronal nem quaisquer garantias de recebimento de aposentadoria digna no futuro. O exemplo de Guedes \u00e9 o Chile, 90% dos aposentados recebem menos de um sal\u00e1rio m\u00ednimo.<\/p>\n<p>A informa\u00e7\u00e3o vem da reuni\u00e3o entre Guedes e Onyx Lorenzoni, ministro chefe da Casa Civil, que ocorreu na ter\u00e7a (8) em Bras\u00edlia (DF). O notici\u00e1rio econ\u00f4mico informa que resta convencer o presidente Jair Bolsonaro da proposta.\u00a0<a href=\"http:\/\/www.andes.org.br\/andes\/print-ultimas-noticias.andes?id=9911\" target=\"_blank\">O presidente causou receio entre agentes do mercado na \u00faltima semana, quando anunciou sua inten\u00e7\u00e3o de diminuir a idade m\u00ednima de aposentadoria na Reforma para facilitar sua aprova\u00e7\u00e3o.<\/a><\/p>\n<p>Caso Bolsonaro seja convencido, Guedes ainda n\u00e3o sabe como aprovar sua proposta de capitaliza\u00e7\u00e3o. Ela poderia modificar a Reforma de Temer &#8211; Proposta de Emenda \u00e0 Constitui\u00e7\u00e3o (PEC) 287\/16. Nesse caso, ela n\u00e3o necessitaria de aprova\u00e7\u00e3o em comiss\u00f5es, apenas nos plen\u00e1rios da C\u00e2mara e do Senado. Outra op\u00e7\u00e3o seria iniciar a tramita\u00e7\u00e3o do zero, com uma nova PEC.<\/p>\n<p><strong>Regime de capitaliza\u00e7\u00e3o<\/strong><\/p>\n<p>A previd\u00eancia brasileira funciona atualmente como um regime de reparti\u00e7\u00e3o universal solid\u00e1ria, no qual todos os trabalhadores contribuem para todas as aposentadorias. H\u00e1, ainda, a contribui\u00e7\u00e3o dos patr\u00f5es e do Estado.<\/p>\n<p>No regime de capitaliza\u00e7\u00e3o, cada trabalhador contribui por conta pr\u00f3pria e n\u00e3o h\u00e1 a contribui\u00e7\u00e3o patronal. A contribui\u00e7\u00e3o vai para fundos privados, que investem esse dinheiro no mercado financeiro. N\u00e3o h\u00e1 nenhuma garantia de recebimento de aposentadoria no futuro, j\u00e1 que os investimentos podem dar errado.<\/p>\n<p><strong>Aposentados chilenos vivem na mis\u00e9ria<\/strong><\/p>\n<p>O regime de capitaliza\u00e7\u00e3o foi imposto aos trabalhadores chilenos durante a ditadura de Augusto Pinochet, no ano de 1980. A partir de ent\u00e3o, os trabalhadores passaram a depositar 10% do seu sal\u00e1rio nos fundos de pens\u00e3o privados. 3% do valor investido s\u00e3o utilizados para pagar comiss\u00f5es aos administradores dos fundos. At\u00e9 2017, seis fundos de pens\u00e3o atuavam no Chile: tr\u00eas dos EUA, um de capital chileno, um colombiano e um brasileiro. O fundo brasileiro \u00e9 o BTG Pactual, fundado pelo pr\u00f3prio ministro da economia, Paulo Guedes.<\/p>\n<p>Em 2017, o ANDES-SN entrevistou\u00a0Patr\u00edcio Guzm\u00e1n, assessor econ\u00f4mico do Sindicato dos Banc\u00e1rios do Chile e um dos organizadores do coletivo No + AFP, que luta contra o modelo privado de previd\u00eancia chilena. Ele explicou brevemente como funciona o sistema que Guedes quer implantar no Brasil.<\/p>\n<p>\u201cSem nenhuma discuss\u00e3o p\u00fablica, sem possibilidade de oposi\u00e7\u00e3o, o governo emitiu decretos-lei que criaram as Administradoras de Fundos de Pens\u00e3o (AFP), sociedades an\u00f4nimas encarregadas de administrar os fundos de capitaliza\u00e7\u00e3o, que passaram a ser individuais. A contribui\u00e7\u00e3o total \u00e0 previd\u00eancia foi reduzida significativamente, porque somente foi mantida a obriga\u00e7\u00e3o de que os trabalhadores contribu\u00edssem\u201d, contou Patr\u00edcio Guzm\u00e1n.<\/p>\n<p>O chileno explicou que quando foi criado o sistema, houve uma enorme campanha nos meios de comunica\u00e7\u00e3o para convencer a popula\u00e7\u00e3o de que esse regime seria positivo. \u201cDizia-se que, apesar do percentual do sal\u00e1rio destinado \u00e0 previd\u00eancia ser menor, as aposentadorias alcan\u00e7ariam 70% ou 75% do valor do \u00faltimo sal\u00e1rio da vida ativa. A realidade, entretanto, mostra que os trabalhadores recebem apenas 35% do sal\u00e1rio como aposentadoria, e que esse valor vem caindo\u201d, comentou na entrevista.<\/p>\n<p>Segundo disse, \u00e0 \u00e9poca, nove entre cada dez trabalhadores recebiam menos de 60% do sal\u00e1rio m\u00ednimo, que, no Chile, era de cerca 270 mil pesos (cerca de R$ 1200,00). Esse valor, devido aos pre\u00e7os praticados no pa\u00eds, era insuficiente para viver decentemente.<\/p>\n<p>Patr\u00edcio Guzm\u00e1n afirmou, na entrevista, que os brasileiros devem resistir a essa tentativa de reforma. \u201cEu diria que resistam com todas suas for\u00e7as \u00e0 privatiza\u00e7\u00e3o da Seguridade Social e, especialmente, do sistema de previd\u00eancia. O sistema chileno n\u00e3o foi inventado para gerar boas aposentadorias, e sim para beneficiar aos grandes grupos econ\u00f4micos nacionais e as multinacionais. O povo do Brasil perderia muitos direitos com essa contrarreforma \u2013 suas aposentadorias seriam jogadas no \u201ccassino\u201d das bolsas de valores e da especula\u00e7\u00e3o financeira\u201d, encerrou o chileno.<\/p>\n<p>Leia a entrevista completa com Patr\u00edcio Guzm\u00e1n\u00a0<a href=\"http:\/\/www.andes.org.br\/andes\/print-ultimas-noticias.andes?id=8785\" target=\"_blank\">aqui<\/a><\/p>\n<p><em>Fonte:\u00a0ANDES-SN<\/em><\/p>\n<p>&nbsp;<\/p>\n","protected":false},"excerpt":{"rendered":"<p>Modelo faz aposentados chilenos viverem na mis\u00e9ria O ministro da economia Paulo Guedes quer incluir o regime de capitaliza\u00e7\u00e3o na Reforma da Previd\u00eancia. Caso essa proposta seja aprovada, cada trabalhador contribuir\u00e1 individualmente para sua pr\u00f3pria aposentadoria, por meio de institui\u00e7\u00f5es privadas. N\u00e3o haver\u00e1 contribui\u00e7\u00e3o patronal nem quaisquer garantias de recebimento de aposentadoria digna no futuro.&hellip;<\/p>\n","protected":false},"author":3,"featured_media":0,"comment_status":"closed","ping_status":"closed","sticky":false,"template":"","format":"standard","meta":{"footnotes":""},"categories":[15],"tags":[63,1199,1198,199,294],"class_list":["post-19771","post","type-post","status-publish","format-standard","hentry","category-noticias","tag-aposentados","tag-chile","tag-paulo-guedes","tag-previdencia","tag-reforma-da-previdencia","category-15","description-off"],"_links":{"self":[{"href":"https:\/\/www.adufpb.org.br\/site\/wp-json\/wp\/v2\/posts\/19771","targetHints":{"allow":["GET"]}}],"collection":[{"href":"https:\/\/www.adufpb.org.br\/site\/wp-json\/wp\/v2\/posts"}],"about":[{"href":"https:\/\/www.adufpb.org.br\/site\/wp-json\/wp\/v2\/types\/post"}],"author":[{"embeddable":true,"href":"https:\/\/www.adufpb.org.br\/site\/wp-json\/wp\/v2\/users\/3"}],"replies":[{"embeddable":true,"href":"https:\/\/www.adufpb.org.br\/site\/wp-json\/wp\/v2\/comments?post=19771"}],"version-history":[{"count":1,"href":"https:\/\/www.adufpb.org.br\/site\/wp-json\/wp\/v2\/posts\/19771\/revisions"}],"predecessor-version":[{"id":19773,"href":"https:\/\/www.adufpb.org.br\/site\/wp-json\/wp\/v2\/posts\/19771\/revisions\/19773"}],"wp:attachment":[{"href":"https:\/\/www.adufpb.org.br\/site\/wp-json\/wp\/v2\/media?parent=19771"}],"wp:term":[{"taxonomy":"category","embeddable":true,"href":"https:\/\/www.adufpb.org.br\/site\/wp-json\/wp\/v2\/categories?post=19771"},{"taxonomy":"post_tag","embeddable":true,"href":"https:\/\/www.adufpb.org.br\/site\/wp-json\/wp\/v2\/tags?post=19771"}],"curies":[{"name":"wp","href":"https:\/\/api.w.org\/{rel}","templated":true}]}}