{"id":19698,"date":"2018-12-13T14:50:39","date_gmt":"2018-12-13T17:50:39","guid":{"rendered":"http:\/\/www.adufpb.org.br\/site\/?p=19698"},"modified":"2018-12-18T09:08:39","modified_gmt":"2018-12-18T12:08:39","slug":"atencao-juridico-esclarece-sobre-acao-rescisoria-na-segunda-feira-171218","status":"publish","type":"post","link":"https:\/\/www.adufpb.org.br\/site\/atencao-juridico-esclarece-sobre-acao-rescisoria-na-segunda-feira-171218\/","title":{"rendered":"ATEN\u00c7\u00c3O: Jur\u00eddico esclarece sobre a\u00e7\u00e3o rescis\u00f3ria na segunda-feira (17\/12\/18)"},"content":{"rendered":"<p>A assessoria jur\u00eddica da ADUFPB realiza na segunda-feira, 17 de dezembro, uma reuni\u00e3o extraordin\u00e1ria com os professores inclu\u00eddos no processo dos 28,86% para tratar da a\u00e7\u00e3o rescis\u00f3ria impetrada pela Uni\u00e3o.<\/p>\n<p>A atividade est\u00e1 marcada para come\u00e7ar \u00e0s 15h na sede administrativa da ADUFPB, no Centro de Viv\u00eancia do campus I da UFPB.<\/p>\n<p><em>Fonte: Ascom ADUFPB<\/em><\/p>\n","protected":false},"excerpt":{"rendered":"<p>A assessoria jur\u00eddica da ADUFPB realiza na segunda-feira, 17 de dezembro, uma reuni\u00e3o extraordin\u00e1ria com os professores inclu\u00eddos no processo dos 28,86% para tratar da a\u00e7\u00e3o rescis\u00f3ria impetrada pela Uni\u00e3o. A atividade est\u00e1 marcada para come\u00e7ar \u00e0s 15h na sede administrativa da ADUFPB, no Centro de Viv\u00eancia do campus I da UFPB. Fonte: Ascom ADUFPB<\/p>\n","protected":false},"author":8,"featured_media":19719,"comment_status":"closed","ping_status":"closed","sticky":false,"template":"","format":"standard","meta":{"footnotes":""},"categories":[15],"tags":[319,467,46],"class_list":["post-19698","post","type-post","status-publish","format-standard","has-post-thumbnail","hentry","category-noticias","tag-assessoria-juridica","tag-assuntos-juridicos","tag-informes-juridicos","category-15","description-off"],"_links":{"self":[{"href":"https:\/\/www.adufpb.org.br\/site\/wp-json\/wp\/v2\/posts\/19698","targetHints":{"allow":["GET"]}}],"collection":[{"href":"https:\/\/www.adufpb.org.br\/site\/wp-json\/wp\/v2\/posts"}],"about":[{"href":"https:\/\/www.adufpb.org.br\/site\/wp-json\/wp\/v2\/types\/post"}],"author":[{"embeddable":true,"href":"https:\/\/www.adufpb.org.br\/site\/wp-json\/wp\/v2\/users\/8"}],"replies":[{"embeddable":true,"href":"https:\/\/www.adufpb.org.br\/site\/wp-json\/wp\/v2\/comments?post=19698"}],"version-history":[{"count":1,"href":"https:\/\/www.adufpb.org.br\/site\/wp-json\/wp\/v2\/posts\/19698\/revisions"}],"predecessor-version":[{"id":19699,"href":"https:\/\/www.adufpb.org.br\/site\/wp-json\/wp\/v2\/posts\/19698\/revisions\/19699"}],"wp:featuredmedia":[{"embeddable":true,"href":"https:\/\/www.adufpb.org.br\/site\/wp-json\/wp\/v2\/media\/19719"}],"wp:attachment":[{"href":"https:\/\/www.adufpb.org.br\/site\/wp-json\/wp\/v2\/media?parent=19698"}],"wp:term":[{"taxonomy":"category","embeddable":true,"href":"https:\/\/www.adufpb.org.br\/site\/wp-json\/wp\/v2\/categories?post=19698"},{"taxonomy":"post_tag","embeddable":true,"href":"https:\/\/www.adufpb.org.br\/site\/wp-json\/wp\/v2\/tags?post=19698"}],"curies":[{"name":"wp","href":"https:\/\/api.w.org\/{rel}","templated":true}]}}