{"id":19692,"date":"2018-12-13T10:41:45","date_gmt":"2018-12-13T13:41:45","guid":{"rendered":"http:\/\/www.adufpb.org.br\/site\/?p=19692"},"modified":"2018-12-13T10:41:45","modified_gmt":"2018-12-13T13:41:45","slug":"projeto-escola-sem-partido-e-arquivado-e-so-volta-a-ser-debatido-em-2019","status":"publish","type":"post","link":"https:\/\/www.adufpb.org.br\/site\/projeto-escola-sem-partido-e-arquivado-e-so-volta-a-ser-debatido-em-2019\/","title":{"rendered":"Projeto Escola Sem Partido \u00e9 arquivado e s\u00f3 volta a ser debatido em 2019"},"content":{"rendered":"<p>O deputado Marcos Rog\u00e9rio (DEM-RO), presidente da Comiss\u00e3o Especial que trata do Projeto de Lei (PL) 7180\/14, decidiu encerrar os trabalhos da comiss\u00e3o e\u00a0acabar com\u00a0as discuss\u00f5es sobre o projeto Escola Sem Partido no ano de 2018. Assim, o debate sobre a censura na educa\u00e7\u00e3o brasileira s\u00f3 ser\u00e1 retomado na pr\u00f3xima legislatura, em 2019.<\/p>\n<p>O encerramento da sess\u00e3o se deu ap\u00f3s uma surpreendente bronca do deputado Marcos Rog\u00e9rio em seus colegas por deixarem a sala esvaziada. \u201cQuem est\u00e1 sepultando o projeto nesta legislatura n\u00e3o \u00e9 a oposi\u00e7\u00e3o. Quem n\u00e3o est\u00e1 deliberando \u00e9 quem tem maioria neste parlamento, que n\u00e3o comparece&#8221;, afirmou Marcos Rog\u00e9rio.<\/p>\n<p>&#8220;Se esse projeto n\u00e3o ser\u00e1 votado nessa legislatura \u00e9 por consequ\u00eancia da falta de compromisso dos deputados que s\u00e3o favor\u00e1veis \u00e0 mat\u00e9ria, porque a oposi\u00e7\u00e3o chega aqui cedo, senta e fica sentada, ouvindo, debatendo e dialogando&#8221;, completou. O n\u00famero m\u00e1ximo de parlamentares presentes foi de 12, enquanto deveria chegar a 16.<\/p>\n<p>Foi a 12\u00aa reuni\u00e3o para votar o parecer, sendo que oito delas ocorreram nas \u00faltimas semanas. Desde o m\u00eas de julho, a comiss\u00e3o tem convocado reuni\u00e3o para a discuss\u00e3o e vota\u00e7\u00e3o do relat\u00f3rio do deputado Flavinho (PSC-SP). A pr\u00f3xima legislatura (2019-2022) pode desarquivar o projeto do Escola Sem Partido, mas ser\u00e1 necess\u00e1rio retomar toda a sua tramita\u00e7\u00e3o do in\u00edcio.<\/p>\n<p>S\u00f4nia Meire, 2\u00aa vice-presidente do ANDES-SN, acompanhou a sess\u00e3o e celebrou a vit\u00f3ria dos que lutam contra a censura na educa\u00e7\u00e3o. \u201cA maioria dos defensores do projeto n\u00e3o veio votar. H\u00e1 conflitos entre eles. O papel da bancada da esquerda foi importante, por obstruir a sess\u00e3o at\u00e9 que n\u00e3o houvesse qu\u00f3rum. Nossos argumentos contr\u00e1rios ao projeto est\u00e3o ganhando for\u00e7a, e havia poucos deputados dispostos a defender a censura. \u00c9 uma vit\u00f3ria importante da nossa mobiliza\u00e7\u00e3o. Temos que continuar com essas a\u00e7\u00f5es e esse di\u00e1logo para impedir a aprova\u00e7\u00e3o de qualquer projeto que tente censurar a educa\u00e7\u00e3o\u201d, avaliou.<\/p>\n<p><em>Com informa\u00e7\u00f5es de Ag\u00eancia C\u00e2mara.<\/em><\/p>\n<p><em>Fonte:\u00a0ANDES-SN<\/em><\/p>\n","protected":false},"excerpt":{"rendered":"<p>O deputado Marcos Rog\u00e9rio (DEM-RO), presidente da Comiss\u00e3o Especial que trata do Projeto de Lei (PL) 7180\/14, decidiu encerrar os trabalhos da comiss\u00e3o e\u00a0acabar com\u00a0as discuss\u00f5es sobre o projeto Escola Sem Partido no ano de 2018. Assim, o debate sobre a censura na educa\u00e7\u00e3o brasileira s\u00f3 ser\u00e1 retomado na pr\u00f3xima legislatura, em 2019. O encerramento&hellip;<\/p>\n","protected":false},"author":3,"featured_media":0,"comment_status":"closed","ping_status":"closed","sticky":false,"template":"","format":"standard","meta":{"footnotes":""},"categories":[15],"tags":[],"class_list":["post-19692","post","type-post","status-publish","format-standard","hentry","category-noticias","category-15","description-off"],"_links":{"self":[{"href":"https:\/\/www.adufpb.org.br\/site\/wp-json\/wp\/v2\/posts\/19692","targetHints":{"allow":["GET"]}}],"collection":[{"href":"https:\/\/www.adufpb.org.br\/site\/wp-json\/wp\/v2\/posts"}],"about":[{"href":"https:\/\/www.adufpb.org.br\/site\/wp-json\/wp\/v2\/types\/post"}],"author":[{"embeddable":true,"href":"https:\/\/www.adufpb.org.br\/site\/wp-json\/wp\/v2\/users\/3"}],"replies":[{"embeddable":true,"href":"https:\/\/www.adufpb.org.br\/site\/wp-json\/wp\/v2\/comments?post=19692"}],"version-history":[{"count":1,"href":"https:\/\/www.adufpb.org.br\/site\/wp-json\/wp\/v2\/posts\/19692\/revisions"}],"predecessor-version":[{"id":19693,"href":"https:\/\/www.adufpb.org.br\/site\/wp-json\/wp\/v2\/posts\/19692\/revisions\/19693"}],"wp:attachment":[{"href":"https:\/\/www.adufpb.org.br\/site\/wp-json\/wp\/v2\/media?parent=19692"}],"wp:term":[{"taxonomy":"category","embeddable":true,"href":"https:\/\/www.adufpb.org.br\/site\/wp-json\/wp\/v2\/categories?post=19692"},{"taxonomy":"post_tag","embeddable":true,"href":"https:\/\/www.adufpb.org.br\/site\/wp-json\/wp\/v2\/tags?post=19692"}],"curies":[{"name":"wp","href":"https:\/\/api.w.org\/{rel}","templated":true}]}}