{"id":1969,"date":"2011-08-22T10:56:57","date_gmt":"2011-08-22T14:56:57","guid":{"rendered":"http:\/\/www.adufpb.org.br\/site\/governo-cede-pouco-e-mantem-aplicacao-dos-4-para-julho-de-2012\/"},"modified":"2011-08-22T10:56:57","modified_gmt":"2011-08-22T14:56:57","slug":"governo-cede-pouco-e-mantem-aplicacao-dos-4-para-julho-de-2012","status":"publish","type":"post","link":"https:\/\/www.adufpb.org.br\/site\/governo-cede-pouco-e-mantem-aplicacao-dos-4-para-julho-de-2012\/","title":{"rendered":"Governo cede pouco e mant\u00e9m aplica\u00e7\u00e3o dos 4% para julho de 2012"},"content":{"rendered":"<p><em>Renata Maffezoli<\/em><\/p>\n<p><a href=\"http:\/\/www.adufpb.org.br\/site\/wp-content\/uploads\/2011\/08\/negocia\u00e7\u00e3o-ANDES-e-MP-19-de-agosto.jpg\"><img loading=\"lazy\" decoding=\"async\" class=\"alignleft size-medium wp-image-1968\" title=\"negocia\u00e7\u00e3o ANDES e MP - 19 de agosto\" src=\"http:\/\/www.adufpb.org.br\/site\/wp-content\/uploads\/2011\/08\/negocia\u00e7\u00e3o-ANDES-e-MP-19-de-agosto-300x238.jpg\" alt=\"negocia\u00e7\u00e3o ANDES e MP - 19 de agosto\" width=\"300\" height=\"238\" srcset=\"https:\/\/www.adufpb.org.br\/site\/wp-content\/uploads\/2011\/08\/negocia\u00e7\u00e3o-ANDES-e-MP-19-de-agosto-300x238.jpg 300w, https:\/\/www.adufpb.org.br\/site\/wp-content\/uploads\/2011\/08\/negocia\u00e7\u00e3o-ANDES-e-MP-19-de-agosto.jpg 378w\" sizes=\"auto, (max-width: 300px) 100vw, 300px\" \/><\/a>Em nova reuni\u00e3o com o Andes-SN e o Proifes, o governo prop\u00f4s fazer a aplica\u00e7\u00e3o dos 4% sobre a remunera\u00e7\u00e3o total dos docentes do Magist\u00e9rio Superior, estendo-a para os professores do Ensino B\u00e1sico, T\u00e9cnico e Tecnol\u00f3gico (Ebtt). O secret\u00e1rio de Recursos Humanos do Minist\u00e9rio do Planejamento (MP), Duvanier Paiva, reafirmou que o acordo a ser firmado s\u00f3 passa a vigorar a partir de julho de 2012. O encontro aconteceu nesta sexta-feira (19\/8), por volta das 12 horas.<\/p>\n<p>Marina Barbosa, presidente do ANDES-SN, refor\u00e7ou mais uma vez que a categoria reconhece como positivo o movimento do governo em incorporar as gratifica\u00e7\u00f5es do Magist\u00e9rio Superior (Gemas) e do Ebtt (Gedbt), mas que os professores consideram insuficiente o percentual proposto e inaceit\u00e1vel que o acordo firmado s\u00f3 tenha efeito no segundo semestre do pr\u00f3ximo ano. Destacou o ac\u00famulo de perdas que a categoria vem registrando desde julho de 2010.<\/p>\n<p>Paiva informou que esgotou sua capacidade de negocia\u00e7\u00e3o interna no governo e que tanto o percentual quanto o prazo para a aplica\u00e7\u00e3o do mesmo dificilmente poderiam ser alterados. Ressaltou ainda que tudo o que estava colocado na mesa s\u00f3 teria efeito mediante a assinatura do acordo. Logo, a incorpora\u00e7\u00e3o da Gemas e da Gedbt estavam vinculadas a aceita\u00e7\u00e3o da proposta como um todo. Lembrou tamb\u00e9m a necessidade das partes alcan\u00e7arem um consenso a tempo de ser inclu\u00eddo no texto da lei or\u00e7ament\u00e1ria que ser\u00e1 encaminhada ao Congresso em 31 de agosto.<\/p>\n<p>Luiz Henrique Schuch, vice presidente da entidade, foi enf\u00e1tico ao afirmar que o prazo de julho de 2012 foi recebido com indigna\u00e7\u00e3o pelos docentes que, embora reconhe\u00e7am os limites do MP, sabem que o governo tem recursos para um acordo mais digno para a categoria.<\/p>\n<p>Pressionado pelas entidades, que sinalizaram claramente a possibilidade de greve diante da atual proposta, Paiva disse que conversaria com outras esferas do governo no sentido de tentar antecipar a data de vig\u00eancia do acordo.<\/p>\n<p>O secret\u00e1rio ressaltou, no entanto, que a proposta que estava na mesa at\u00e9 o momento era a de 4% para valer a partir de julho de 2012, sobre o total da remunera\u00e7\u00e3o, estendida aos docentes do Ebtt.<\/p>\n<p>Uma nova reuni\u00e3o foi agendada para \u00e0s 18 horas, desta sexta-feira (19\/08), na qual o secret\u00e1rio deve informar se houve ou n\u00e3o alguma flexibiliza\u00e7\u00e3o por parte do governo.<\/p>\n<p><em>Fonte: ANDES-SN<\/em><\/p>\n","protected":false},"excerpt":{"rendered":"<p>Renata Maffezoli Em nova reuni\u00e3o com o Andes-SN e o Proifes, o governo prop\u00f4s fazer a aplica\u00e7\u00e3o dos 4% sobre a remunera\u00e7\u00e3o total dos docentes do Magist\u00e9rio Superior, estendo-a para os professores do Ensino B\u00e1sico, T\u00e9cnico e Tecnol\u00f3gico (Ebtt). O secret\u00e1rio de Recursos Humanos do Minist\u00e9rio do Planejamento (MP), Duvanier Paiva, reafirmou que o acordo&hellip;<\/p>\n","protected":false},"author":3,"featured_media":0,"comment_status":"open","ping_status":"open","sticky":false,"template":"","format":"standard","meta":{"footnotes":""},"categories":[15],"tags":[190],"class_list":["post-1969","post","type-post","status-publish","format-standard","hentry","category-noticias","tag-campanha-salarial-2011","category-15","description-off"],"_links":{"self":[{"href":"https:\/\/www.adufpb.org.br\/site\/wp-json\/wp\/v2\/posts\/1969","targetHints":{"allow":["GET"]}}],"collection":[{"href":"https:\/\/www.adufpb.org.br\/site\/wp-json\/wp\/v2\/posts"}],"about":[{"href":"https:\/\/www.adufpb.org.br\/site\/wp-json\/wp\/v2\/types\/post"}],"author":[{"embeddable":true,"href":"https:\/\/www.adufpb.org.br\/site\/wp-json\/wp\/v2\/users\/3"}],"replies":[{"embeddable":true,"href":"https:\/\/www.adufpb.org.br\/site\/wp-json\/wp\/v2\/comments?post=1969"}],"version-history":[{"count":0,"href":"https:\/\/www.adufpb.org.br\/site\/wp-json\/wp\/v2\/posts\/1969\/revisions"}],"wp:attachment":[{"href":"https:\/\/www.adufpb.org.br\/site\/wp-json\/wp\/v2\/media?parent=1969"}],"wp:term":[{"taxonomy":"category","embeddable":true,"href":"https:\/\/www.adufpb.org.br\/site\/wp-json\/wp\/v2\/categories?post=1969"},{"taxonomy":"post_tag","embeddable":true,"href":"https:\/\/www.adufpb.org.br\/site\/wp-json\/wp\/v2\/tags?post=1969"}],"curies":[{"name":"wp","href":"https:\/\/api.w.org\/{rel}","templated":true}]}}