{"id":19680,"date":"2018-12-11T12:45:51","date_gmt":"2018-12-11T15:45:51","guid":{"rendered":"http:\/\/www.adufpb.org.br\/site\/?p=19680"},"modified":"2018-12-27T10:30:33","modified_gmt":"2018-12-27T13:30:33","slug":"docentes-tem-ate-sexta-feira-14-para-confirmar-presenca-na-confraternizacao-da-adufpb","status":"publish","type":"post","link":"https:\/\/www.adufpb.org.br\/site\/docentes-tem-ate-sexta-feira-14-para-confirmar-presenca-na-confraternizacao-da-adufpb\/","title":{"rendered":"Docentes t\u00eam at\u00e9 sexta-feira (14) para confirmar presen\u00e7a na confraterniza\u00e7\u00e3o da ADUFPB"},"content":{"rendered":"<p>Os professores sindicalizados ainda podem confirmar presen\u00e7a na tradicional festa de confraterniza\u00e7\u00e3o de fim de ano da ADUFPB. O prazo se encerra na pr\u00f3xima sexta-feira, dia 14.<\/p>\n<p>Para participar, o docente deve comparecer \u00e0 sede da ADUFPB e assinar uma lista de presen\u00e7a. A confirma\u00e7\u00e3o deve ser feita, impreterivelmente, at\u00e9 as 18h de sexta-feira.<\/p>\n<p>Este ano, a confraterniza\u00e7\u00e3o de ano novo ocorrer\u00e1 no dia 19 de dezembro (quarta-feira), na casa de recep\u00e7\u00f5es Pa\u00e7o dos Le\u00f5es, no bairro do Altiplano, em Jo\u00e3o Pessoa.<\/p>\n<p>N\u00c3O HAVER\u00c1 prorroga\u00e7\u00e3o deste prazo e quem n\u00e3o estiver na lista de confirma\u00e7\u00e3o n\u00e3o ter\u00e1 acesso \u00e0 casa de recep\u00e7\u00e3o. Cada professor(a) sindicalizado(a) QUE CONFIRMAR PRESEN\u00c7A ter\u00e1 direito a levar UM(A) acompanhante, que s\u00f3 poder\u00e1 entrar na festa junto com o(a) sindicalizado(a) que confirmou presen\u00e7a.\u00a0A medida para controle de entrada foi adotada com o objetivo de garantir o sucesso da festa e o conforto dos sindicalizados, de forma que nenhum participante da confraterniza\u00e7\u00e3o fique sem mesa.<\/p>\n<p>A abertura da festa est\u00e1 marcada para acontecer \u00e0s 21h. Quem come\u00e7ar\u00e1 a recepcionar os docentes assim que os port\u00f5es forem abertos ser\u00e1 o DJ Saulo Mark, que tamb\u00e9m \u00e9 professor do Campus IV, Mamanguape e diretor da Subsecretaria da ADUFPB naquela cidade.<\/p>\n<p>Em seguida, a partir das 22h, a anima\u00e7\u00e3o da confraterniza\u00e7\u00e3o ficar\u00e1 por conta da Orquestra Voo Livre, com um repert\u00f3rio musical para todas as faixas et\u00e1rias. Al\u00e9m de coquetel, ser\u00e1 servido jantar para todos os convidados.<\/p>\n<p>Contamos com a presen\u00e7a de todos!<\/p>\n<p><em>Fonte: Ascom ADUFPB<\/em><\/p>\n","protected":false},"excerpt":{"rendered":"<p>Os professores sindicalizados ainda podem confirmar presen\u00e7a na tradicional festa de confraterniza\u00e7\u00e3o de fim de ano da ADUFPB. O prazo se encerra na pr\u00f3xima sexta-feira, dia 14. Para participar, o docente deve comparecer \u00e0 sede da ADUFPB e assinar uma lista de presen\u00e7a. A confirma\u00e7\u00e3o deve ser feita, impreterivelmente, at\u00e9 as 18h de sexta-feira. Este&hellip;<\/p>\n","protected":false},"author":3,"featured_media":19662,"comment_status":"closed","ping_status":"closed","sticky":false,"template":"","format":"standard","meta":{"footnotes":""},"categories":[15],"tags":[98,496,407,1184],"class_list":["post-19680","post","type-post","status-publish","format-standard","has-post-thumbnail","hentry","category-noticias","tag-confraternizacao","tag-festa","tag-fim-de-ano","tag-paco-dos-leoes","category-15","description-off"],"_links":{"self":[{"href":"https:\/\/www.adufpb.org.br\/site\/wp-json\/wp\/v2\/posts\/19680","targetHints":{"allow":["GET"]}}],"collection":[{"href":"https:\/\/www.adufpb.org.br\/site\/wp-json\/wp\/v2\/posts"}],"about":[{"href":"https:\/\/www.adufpb.org.br\/site\/wp-json\/wp\/v2\/types\/post"}],"author":[{"embeddable":true,"href":"https:\/\/www.adufpb.org.br\/site\/wp-json\/wp\/v2\/users\/3"}],"replies":[{"embeddable":true,"href":"https:\/\/www.adufpb.org.br\/site\/wp-json\/wp\/v2\/comments?post=19680"}],"version-history":[{"count":2,"href":"https:\/\/www.adufpb.org.br\/site\/wp-json\/wp\/v2\/posts\/19680\/revisions"}],"predecessor-version":[{"id":19682,"href":"https:\/\/www.adufpb.org.br\/site\/wp-json\/wp\/v2\/posts\/19680\/revisions\/19682"}],"wp:featuredmedia":[{"embeddable":true,"href":"https:\/\/www.adufpb.org.br\/site\/wp-json\/wp\/v2\/media\/19662"}],"wp:attachment":[{"href":"https:\/\/www.adufpb.org.br\/site\/wp-json\/wp\/v2\/media?parent=19680"}],"wp:term":[{"taxonomy":"category","embeddable":true,"href":"https:\/\/www.adufpb.org.br\/site\/wp-json\/wp\/v2\/categories?post=19680"},{"taxonomy":"post_tag","embeddable":true,"href":"https:\/\/www.adufpb.org.br\/site\/wp-json\/wp\/v2\/tags?post=19680"}],"curies":[{"name":"wp","href":"https:\/\/api.w.org\/{rel}","templated":true}]}}