{"id":19631,"date":"2018-12-04T10:40:12","date_gmt":"2018-12-04T13:40:12","guid":{"rendered":"http:\/\/www.adufpb.org.br\/site\/?p=19631"},"modified":"2018-12-04T10:40:12","modified_gmt":"2018-12-04T13:40:12","slug":"seminario-interno-debate-protecao-a-sindicato-e-a-sindicalistas","status":"publish","type":"post","link":"https:\/\/www.adufpb.org.br\/site\/seminario-interno-debate-protecao-a-sindicato-e-a-sindicalistas\/","title":{"rendered":"Semin\u00e1rio interno debate prote\u00e7\u00e3o a sindicato e a sindicalistas"},"content":{"rendered":"<p>Na tarde do \u00faltimo s\u00e1bado (1), o semin\u00e1rio\u00a0<em>reorganiza\u00e7\u00e3o da classe trabalhadora diante dos desafios do per\u00edodo,<\/em>\u00a0organizado pelo ANDES-SN,\u00a0debateu a seguran\u00e7a dos sindicatos e dos sindicalistas e a seguran\u00e7a digital. A primeira mesa contou com a presen\u00e7a da advogada Marcelise Azevedo, da Assessoria Jur\u00eddica Nacional. A segunda mesa foi uma oficina sobre seguran\u00e7a digital, tendo a presen\u00e7a das ativistas Fernanda Monteiro e Roberta Nunes. Elas fazem parte da Maria Lab e Vedetas, Coletivas de hackers feministas.<\/p>\n<p>\u201cFoi o in\u00edcio de uma discuss\u00e3o, para gente entender que existem outras ferramentas digitais al\u00e9m daquelas que normalmente utilizamos: google, facebook, whatsapp\u201d, avalia Roberto Kanitz, 3\u00ba secret\u00e1rio do ANDES-SN e da coordena\u00e7\u00e3o do Grupo de Trabalho de Comunica\u00e7\u00e3o e Artes do Sindicato Nacional.<\/p>\n<p>Na mesa sobre seguran\u00e7a digital houve muita intera\u00e7\u00e3o com as palestrantes. Fato bastante positivo, na avalia\u00e7\u00e3o do docente. \u201cSobre seguran\u00e7a, a gente vai ter que ir se apropriando ao longo dessa jornada. A gente n\u00e3o vai resolver numa palestra\u201d, diz.<\/p>\n<p>Para Roberto, \u00e9 necess\u00e1rio aprender a se proteger dentro da rede, apesar de toda inseguran\u00e7a digital que existe. \u201cEu me sinto bastante inseguro digitalmente. Mas a gente tem se proteger dentro da rede. N\u00e3o adianta sair fora dela\u201d, argumenta.<\/p>\n<p>Para ele, as orienta\u00e7\u00f5es sobre senhas, acesso a uma \u201cnuvem\u201d mais segura, e-mail seguro e utiliza\u00e7\u00e3o de outros aplicativos de comunica\u00e7\u00e3o, como o signal, em vez do whatsapp, foram importantes. \u201cAcho importante, no ANDES-SN e nas se\u00e7\u00f5es sindicais, a gente j\u00e1 incorporar essas medidas para termos mais prote\u00e7\u00e3o\u201d, defende.<\/p>\n<p><em>Fonte:\u00a0ANDES-SN<\/em><\/p>\n<p>&nbsp;<\/p>\n","protected":false},"excerpt":{"rendered":"<p>Na tarde do \u00faltimo s\u00e1bado (1), o semin\u00e1rio\u00a0reorganiza\u00e7\u00e3o da classe trabalhadora diante dos desafios do per\u00edodo,\u00a0organizado pelo ANDES-SN,\u00a0debateu a seguran\u00e7a dos sindicatos e dos sindicalistas e a seguran\u00e7a digital. A primeira mesa contou com a presen\u00e7a da advogada Marcelise Azevedo, da Assessoria Jur\u00eddica Nacional. A segunda mesa foi uma oficina sobre seguran\u00e7a digital, tendo a&hellip;<\/p>\n","protected":false},"author":3,"featured_media":0,"comment_status":"closed","ping_status":"closed","sticky":false,"template":"","format":"standard","meta":{"footnotes":""},"categories":[15],"tags":[92,40,1159],"class_list":["post-19631","post","type-post","status-publish","format-standard","hentry","category-noticias","tag-andes","tag-seminario","tag-sindicato","category-15","description-off"],"_links":{"self":[{"href":"https:\/\/www.adufpb.org.br\/site\/wp-json\/wp\/v2\/posts\/19631","targetHints":{"allow":["GET"]}}],"collection":[{"href":"https:\/\/www.adufpb.org.br\/site\/wp-json\/wp\/v2\/posts"}],"about":[{"href":"https:\/\/www.adufpb.org.br\/site\/wp-json\/wp\/v2\/types\/post"}],"author":[{"embeddable":true,"href":"https:\/\/www.adufpb.org.br\/site\/wp-json\/wp\/v2\/users\/3"}],"replies":[{"embeddable":true,"href":"https:\/\/www.adufpb.org.br\/site\/wp-json\/wp\/v2\/comments?post=19631"}],"version-history":[{"count":1,"href":"https:\/\/www.adufpb.org.br\/site\/wp-json\/wp\/v2\/posts\/19631\/revisions"}],"predecessor-version":[{"id":19632,"href":"https:\/\/www.adufpb.org.br\/site\/wp-json\/wp\/v2\/posts\/19631\/revisions\/19632"}],"wp:attachment":[{"href":"https:\/\/www.adufpb.org.br\/site\/wp-json\/wp\/v2\/media?parent=19631"}],"wp:term":[{"taxonomy":"category","embeddable":true,"href":"https:\/\/www.adufpb.org.br\/site\/wp-json\/wp\/v2\/categories?post=19631"},{"taxonomy":"post_tag","embeddable":true,"href":"https:\/\/www.adufpb.org.br\/site\/wp-json\/wp\/v2\/tags?post=19631"}],"curies":[{"name":"wp","href":"https:\/\/api.w.org\/{rel}","templated":true}]}}